{"id":4933,"date":"2020-11-05T15:47:58","date_gmt":"2020-11-05T15:47:58","guid":{"rendered":"https:\/\/tvc16.com\/portal\/?p=4933"},"modified":"2020-11-05T15:47:58","modified_gmt":"2020-11-05T15:47:58","slug":"mulher-sofre-graves-queimaduras-apos-atearem-fogo-nela-policia-civil-investiga-o-crime","status":"publish","type":"post","link":"https:\/\/tvc16.com\/portal\/2020\/11\/05\/mulher-sofre-graves-queimaduras-apos-atearem-fogo-nela-policia-civil-investiga-o-crime\/","title":{"rendered":"Mulher sofre graves queimaduras ap\u00f3s atearem fogo nela. Pol\u00edcia Civil investiga o crime"},"content":{"rendered":"\n<p>Daiana de Souza Silva, de 38 anos, sofreu queimaduras pelo corpo ap\u00f3s atearem fogo nela. O caso foi registrado na quarta-feira (04), no Sert\u00e3o do Carangola. A v\u00edtima est\u00e1 internada no Hospital Alcides Carneiro (HAC). <\/p>\n\n\n\n<p>A Secretaria de Sa\u00fade informou que a paciente permanece internada em estado grave na Unidade de Terapia Intensiva do Hospital Alcides Carneiro, ap\u00f3s ter 60% do corpo queimado. A paciente foi prontamente sedada, medicada e est\u00e1 sendo monitorada pelas equipes m\u00e9dicas que cuidam do caso.<\/p>\n\n\n\n<p>De acordo com a Pol\u00edcia Civil o crime est\u00e1 sendo investigado, mas ainda n\u00e3o h\u00e1 suspeitos e nem informa\u00e7\u00f5es sobre como tudo aconteceu. Em depoimento, a mulher disse \u00e0 pol\u00edcia que n\u00e3o sabe quem foi o respons\u00e1vel pelo crime.<\/p>\n\n\n\n<p><\/p>\n","protected":false},"excerpt":{"rendered":"<p>Daiana de Souza Silva, de 38 anos, sofreu queimaduras pelo corpo ap\u00f3s atearem fogo nela.<\/p>\n","protected":false},"author":2,"featured_media":4934,"comment_status":"open","ping_status":"open","sticky":false,"template":"","format":"standard","meta":{"footnotes":""},"categories":[12],"tags":[],"class_list":["post-4933","post","type-post","status-publish","format-standard","has-post-thumbnail","hentry","category-cidade"],"_links":{"self":[{"href":"https:\/\/tvc16.com\/portal\/wp-json\/wp\/v2\/posts\/4933","targetHints":{"allow":["GET"]}}],"collection":[{"href":"https:\/\/tvc16.com\/portal\/wp-json\/wp\/v2\/posts"}],"about":[{"href":"https:\/\/tvc16.com\/portal\/wp-json\/wp\/v2\/types\/post"}],"author":[{"embeddable":true,"href":"https:\/\/tvc16.com\/portal\/wp-json\/wp\/v2\/users\/2"}],"replies":[{"embeddable":true,"href":"https:\/\/tvc16.com\/portal\/wp-json\/wp\/v2\/comments?post=4933"}],"version-history":[{"count":1,"href":"https:\/\/tvc16.com\/portal\/wp-json\/wp\/v2\/posts\/4933\/revisions"}],"predecessor-version":[{"id":4935,"href":"https:\/\/tvc16.com\/portal\/wp-json\/wp\/v2\/posts\/4933\/revisions\/4935"}],"wp:featuredmedia":[{"embeddable":true,"href":"https:\/\/tvc16.com\/portal\/wp-json\/wp\/v2\/media\/4934"}],"wp:attachment":[{"href":"https:\/\/tvc16.com\/portal\/wp-json\/wp\/v2\/media?parent=4933"}],"wp:term":[{"taxonomy":"category","embeddable":true,"href":"https:\/\/tvc16.com\/portal\/wp-json\/wp\/v2\/categories?post=4933"},{"taxonomy":"post_tag","embeddable":true,"href":"https:\/\/tvc16.com\/portal\/wp-json\/wp\/v2\/tags?post=4933"}],"curies":[{"name":"wp","href":"https:\/\/api.w.org\/{rel}","templated":true}]}}