{"id":4940,"date":"2020-11-05T16:01:51","date_gmt":"2020-11-05T16:01:51","guid":{"rendered":"https:\/\/tvc16.com\/portal\/?p=4940"},"modified":"2020-11-05T16:01:51","modified_gmt":"2020-11-05T16:01:51","slug":"mpf-mantem-realizacao-de-mutirao-para-analise-de-beneficios-para-idosos-e-pessoas-com-deficiencia","status":"publish","type":"post","link":"https:\/\/tvc16.com\/portal\/2020\/11\/05\/mpf-mantem-realizacao-de-mutirao-para-analise-de-beneficios-para-idosos-e-pessoas-com-deficiencia\/","title":{"rendered":"MPF mant\u00e9m realiza\u00e7\u00e3o de \u201cmutir\u00e3o\u201d para an\u00e1lise de benef\u00edcios para idosos e pessoas com defici\u00eancia"},"content":{"rendered":"\n<p>Instituto Nacional de Seguridade Social deve analisar de forma c\u00e9lere o Benef\u00edcio da Presta\u00e7\u00e3o Continuada (BPC)<\/p>\n\n\n\n<p>A Justi\u00e7a Federal manteve decis\u00e3o na qual determina ao INSS flexibilizar crit\u00e9rios e analisar com celeridade requisitos de concess\u00e3o do Benef\u00edcio de Presta\u00e7\u00e3o Continuada (BPC), destinado a idosos e pessoas com defici\u00eancia em situa\u00e7\u00e3o de miserabilidade.<br><br>A autarquia previdenci\u00e1ria recorreu da decis\u00e3o por considerar que havia omiss\u00e3o na liminar concedida pela 5\u00aa Vara Federal de Duque de Caxias (RJ) para que, em 60 dias, o INSS realizasse um mutir\u00e3o na Baixada Fluminense para a concess\u00e3o dos BPC requeridos at\u00e9 a data de 3 de setembro.<\/p>\n\n\n\n<p><strong><a href=\"https:\/\/brasil61.com\/noticias\/tcu-avalia-efeitos-da-pandemia-na-previdencia-social-bras202433\">TCU avalia efeitos da pandemia na Previd\u00eancia Social<\/a><\/strong><\/p>\n\n\n\n<p><strong><a href=\"https:\/\/brasil61.com\/noticias\/prorrogado-prazo-de-inscricao-no-cadastro-unico-para-beneficiarios-do-bpc-bras202378\">Prorrogado prazo de inscri\u00e7\u00e3o no Cadastro \u00danico para benefici\u00e1rios do BPC<\/a><\/strong><br><br>Ao analisar os embargos de declara\u00e7\u00e3o, a ju\u00edza Federal Maria de Lourdes Coutinho Tavares esclareceu os pontos questionados pelo INSS e manteve o car\u00e1ter de urg\u00eancia. Ao esclarecer sobre os pedidos sem laudos e declara\u00e7\u00f5es, a magistrada determinou que os requerentes sejam intimados para apresenta\u00e7\u00e3o do documento.<\/p>\n\n\n\n<p>Fonte: <a href=\"https:\/\/brasil61.com\/noticias\/mpf-mantem-realizacao-de-mutirao-para-analise-de-beneficios-para-idosos-e-pessoas-com-deficiencia-bras202483?email=bethdeoliveira@yahoo.com.br&amp;utm_source=newsletter&amp;utm_medium=newsletter&amp;utm_campaign=newsletter\" target=\"_blank\" rel=\"noreferrer noopener\">Brasil 61<\/a><\/p>\n","protected":false},"excerpt":{"rendered":"<p>Instituto Nacional de Seguridade Social deve analisar de forma c\u00e9lere o Benef\u00edcio da Presta\u00e7\u00e3o Continuada<\/p>\n","protected":false},"author":2,"featured_media":4941,"comment_status":"open","ping_status":"open","sticky":false,"template":"","format":"standard","meta":{"footnotes":""},"categories":[14],"tags":[],"class_list":["post-4940","post","type-post","status-publish","format-standard","has-post-thumbnail","hentry","category-pais"],"_links":{"self":[{"href":"https:\/\/tvc16.com\/portal\/wp-json\/wp\/v2\/posts\/4940","targetHints":{"allow":["GET"]}}],"collection":[{"href":"https:\/\/tvc16.com\/portal\/wp-json\/wp\/v2\/posts"}],"about":[{"href":"https:\/\/tvc16.com\/portal\/wp-json\/wp\/v2\/types\/post"}],"author":[{"embeddable":true,"href":"https:\/\/tvc16.com\/portal\/wp-json\/wp\/v2\/users\/2"}],"replies":[{"embeddable":true,"href":"https:\/\/tvc16.com\/portal\/wp-json\/wp\/v2\/comments?post=4940"}],"version-history":[{"count":1,"href":"https:\/\/tvc16.com\/portal\/wp-json\/wp\/v2\/posts\/4940\/revisions"}],"predecessor-version":[{"id":4942,"href":"https:\/\/tvc16.com\/portal\/wp-json\/wp\/v2\/posts\/4940\/revisions\/4942"}],"wp:featuredmedia":[{"embeddable":true,"href":"https:\/\/tvc16.com\/portal\/wp-json\/wp\/v2\/media\/4941"}],"wp:attachment":[{"href":"https:\/\/tvc16.com\/portal\/wp-json\/wp\/v2\/media?parent=4940"}],"wp:term":[{"taxonomy":"category","embeddable":true,"href":"https:\/\/tvc16.com\/portal\/wp-json\/wp\/v2\/categories?post=4940"},{"taxonomy":"post_tag","embeddable":true,"href":"https:\/\/tvc16.com\/portal\/wp-json\/wp\/v2\/tags?post=4940"}],"curies":[{"name":"wp","href":"https:\/\/api.w.org\/{rel}","templated":true}]}}