{"id":4943,"date":"2020-11-05T16:04:04","date_gmt":"2020-11-05T16:04:04","guid":{"rendered":"https:\/\/tvc16.com\/portal\/?p=4943"},"modified":"2020-11-05T16:04:04","modified_gmt":"2020-11-05T16:04:04","slug":"producao-industrial-avanca-26-em-setembro-aponta-ibge","status":"publish","type":"post","link":"https:\/\/tvc16.com\/portal\/2020\/11\/05\/producao-industrial-avanca-26-em-setembro-aponta-ibge\/","title":{"rendered":"Produ\u00e7\u00e3o industrial avan\u00e7a 2,6% em setembro, aponta IBGE"},"content":{"rendered":"\n<p>Em rela\u00e7\u00e3o a setembro de 2019, o segmento cresceu 3,4%, interrompendo dez meses de resultados negativos seguidos nessa compara\u00e7\u00e3o<\/p>\n\n\n\n<p>A produ\u00e7\u00e3o industrial brasileira teve crescimento de 2,6% em setembro frente a agosto, segundo dados do IBGE. O pa\u00eds vem registrando aumento da produ\u00e7\u00e3o h\u00e1 cinco meses, eliminando a perda de 27,1% acumulada entre mar\u00e7o e abril, quando a produ\u00e7\u00e3o industrial havia ca\u00eddo ao n\u00edvel mais baixo da s\u00e9rie. No m\u00eas passado, a atividade do segmento no pa\u00eds ficou 0,2% acima do patamar de fevereiro, que antecedeu a pandemia de Covid-19.<br><br>Segundo o IBGE, a influ\u00eancia positiva mais relevante foi a de ve\u00edculos automotores, reboques e carrocerias, que avan\u00e7ou 14,1%. O setor acumulou expans\u00e3o de mais de 1000% em cinco meses consecutivos de crescimento, mas ainda assim se encontra 12,8% abaixo do patamar de fevereiro deste ano.<\/p>\n\n\n\n<p><strong><a href=\"https:\/\/brasil61.com\/noticias\/confianca-dos-empresarios-da-industria-mineira-se-aproxima-do-patamar-anterior-a-pandemia-pind202242\">Confian\u00e7a dos empres\u00e1rios da ind\u00fastria mineira se aproxima do patamar anterior \u00e0 pandemia<\/a><\/strong><\/p>\n\n\n\n<p><strong><a href=\"https:\/\/brasil61.com\/noticias\/rn-confianca-do-empresario-industrial-tem-estabilidade-em-outubro-aponta-icei-pind202237\">RN: Confian\u00e7a do empres\u00e1rio industrial tem estabilidade em outubro, aponta ICEI<\/a><\/strong><br><br>Outras contribui\u00e7\u00f5es positivas relevantes sobre o total da ind\u00fastria vieram de m\u00e1quinas e equipamentos (12,6%), de confec\u00e7\u00e3o de artigos do vestu\u00e1rio e acess\u00f3rios (16,5%), de couro, artigos para viagem e cal\u00e7ados (17,1%), de produtos aliment\u00edcios (1,2%) e de metalurgia (3,5%).<\/p>\n\n\n\n<p>Fonte: <a href=\"https:\/\/brasil61.com\/noticias\/producao-industrial-avanca-2-6-em-setembro-aponta-ibge-bras202484?email=bethdeoliveira@yahoo.com.br&amp;utm_source=newsletter&amp;utm_medium=newsletter&amp;utm_campaign=newsletter\" target=\"_blank\" rel=\"noreferrer noopener\">Brasil 61<\/a><\/p>\n","protected":false},"excerpt":{"rendered":"<p>Em rela\u00e7\u00e3o a setembro de 2019, o segmento cresceu 3,4%, interrompendo dez meses de resultados<\/p>\n","protected":false},"author":2,"featured_media":4944,"comment_status":"open","ping_status":"open","sticky":false,"template":"","format":"standard","meta":{"footnotes":""},"categories":[18],"tags":[],"class_list":["post-4943","post","type-post","status-publish","format-standard","has-post-thumbnail","hentry","category-economia"],"_links":{"self":[{"href":"https:\/\/tvc16.com\/portal\/wp-json\/wp\/v2\/posts\/4943","targetHints":{"allow":["GET"]}}],"collection":[{"href":"https:\/\/tvc16.com\/portal\/wp-json\/wp\/v2\/posts"}],"about":[{"href":"https:\/\/tvc16.com\/portal\/wp-json\/wp\/v2\/types\/post"}],"author":[{"embeddable":true,"href":"https:\/\/tvc16.com\/portal\/wp-json\/wp\/v2\/users\/2"}],"replies":[{"embeddable":true,"href":"https:\/\/tvc16.com\/portal\/wp-json\/wp\/v2\/comments?post=4943"}],"version-history":[{"count":1,"href":"https:\/\/tvc16.com\/portal\/wp-json\/wp\/v2\/posts\/4943\/revisions"}],"predecessor-version":[{"id":4945,"href":"https:\/\/tvc16.com\/portal\/wp-json\/wp\/v2\/posts\/4943\/revisions\/4945"}],"wp:featuredmedia":[{"embeddable":true,"href":"https:\/\/tvc16.com\/portal\/wp-json\/wp\/v2\/media\/4944"}],"wp:attachment":[{"href":"https:\/\/tvc16.com\/portal\/wp-json\/wp\/v2\/media?parent=4943"}],"wp:term":[{"taxonomy":"category","embeddable":true,"href":"https:\/\/tvc16.com\/portal\/wp-json\/wp\/v2\/categories?post=4943"},{"taxonomy":"post_tag","embeddable":true,"href":"https:\/\/tvc16.com\/portal\/wp-json\/wp\/v2\/tags?post=4943"}],"curies":[{"name":"wp","href":"https:\/\/api.w.org\/{rel}","templated":true}]}}