{"id":4946,"date":"2020-11-05T16:06:18","date_gmt":"2020-11-05T16:06:18","guid":{"rendered":"https:\/\/tvc16.com\/portal\/?p=4946"},"modified":"2020-11-05T16:06:18","modified_gmt":"2020-11-05T16:06:18","slug":"ministerio-da-saude-prorrogou-a-habilitacao-de-372-leitos-de-uti-para-tratamento-de-pacientes-com-covid-19","status":"publish","type":"post","link":"https:\/\/tvc16.com\/portal\/2020\/11\/05\/ministerio-da-saude-prorrogou-a-habilitacao-de-372-leitos-de-uti-para-tratamento-de-pacientes-com-covid-19\/","title":{"rendered":"Minist\u00e9rio da Sa\u00fade prorrogou a habilita\u00e7\u00e3o de 372 leitos de UTI para tratamento de pacientes com Covid-19"},"content":{"rendered":"\n<p>Os leitos foram prorrogados em quatro estados: Minas Gerais, Rio Grande do Sul, em S\u00e3o Paulo e no Paran\u00e1.<\/p>\n\n\n\n<p>O Minist\u00e9rio da Sa\u00fade prorrogou a habilita\u00e7\u00e3o de 372 leitos de Unidade de Terapia Intensiva (UTI) Adulto exclusivos para o tratamento de pacientes com Covid-19 no Sistema \u00danico de Sa\u00fade (SUS). Os leitos foram prorrogados em quatro estados: Minas Gerais, Rio Grande do Sul, em S\u00e3o Paulo e no Paran\u00e1.&nbsp;<\/p>\n\n\n\n<p>A medida faz parte o plano estrat\u00e9gico do Governo do Federal no atendimento aos estados e munic\u00edpios. Para a prorroga\u00e7\u00e3o dos leitos intensivos, o valor investido ser\u00e1 de R$ 17,8 milh\u00f5es, pago em parcela \u00fanica, para que os entes federados fa\u00e7am o custeio dessas unidades pelos pr\u00f3ximos 30 dias. Os recursos foram divulgados em portarias do Di\u00e1rio Oficial da Uni\u00e3o.<\/p>\n\n\n\n<p><a href=\"https:\/\/brasil61.com\/noticias\/estudo-aponta-letalidade-de-0-23-de-pacientes-com-covid-19-bras202405\">E<\/a><strong><a href=\"https:\/\/brasil61.com\/noticias\/estudo-aponta-letalidade-de-0-23-de-pacientes-com-covid-19-bras202405\">studo aponta letalidade de 0,23% de pacientes com Covid-19<\/a><\/strong><\/p>\n\n\n\n<p><a href=\"https:\/\/brasil61.com\/noticias\/ministerio-da-saude-vai-liberar-recursos-para-combater-obesidade-diabetes-e-hipertensao-na-pandemia-bras202467\"><strong>Minist\u00e9rio da Sa\u00fade vai liberar recursos para combater obesidade, diabetes e hipertens\u00e3o na pandemia<\/strong><\/a><\/p>\n\n\n\n<p>Cada leito de UTI para Covid-19 custa diariamente o dobro do valor habitual para leitos de UTI, passando de R$ 800 para R$ 1.600. Os gestores dos estados e munic\u00edpios recebem o valor antes mesmo da ocupa\u00e7\u00e3o do leito. Um dos crit\u00e9rios para habilita\u00e7\u00e3o ou prorroga\u00e7\u00e3o das unidades intensivas \u00e9 a necessidade de comprova\u00e7\u00e3o de equipe m\u00e9dica adequada para o atendimento aos pacientes.<\/p>\n\n\n\n<p>No estado de Minas Gerais, foi prorrogada a habilita\u00e7\u00e3o de 51 leitos. J\u00e1 no Rio Grande do Sul, s\u00e3o cinco. No estado de S\u00e3o Paulo, foram 28 leitos e no estado do Paran\u00e1, 288.<\/p>\n\n\n\n<p>Fonte: <a href=\"https:\/\/brasil61.com\/noticias\/ministerio-da-saude-prorrogou-a-habilitacao-de-372-leitos-de-uti-para-tratamento-de-pacientes-com-covid-19-bras202482?email=bethdeoliveira@yahoo.com.br&amp;utm_source=newsletter&amp;utm_medium=newsletter&amp;utm_campaign=newsletter\" target=\"_blank\" rel=\"noreferrer noopener\">Brasil 61<\/a><\/p>\n","protected":false},"excerpt":{"rendered":"<p>Os leitos foram prorrogados em quatro estados: Minas Gerais, Rio Grande do Sul, em S\u00e3o<\/p>\n","protected":false},"author":2,"featured_media":4947,"comment_status":"open","ping_status":"open","sticky":false,"template":"","format":"standard","meta":{"footnotes":""},"categories":[13],"tags":[],"class_list":["post-4946","post","type-post","status-publish","format-standard","has-post-thumbnail","hentry","category-saude"],"_links":{"self":[{"href":"https:\/\/tvc16.com\/portal\/wp-json\/wp\/v2\/posts\/4946","targetHints":{"allow":["GET"]}}],"collection":[{"href":"https:\/\/tvc16.com\/portal\/wp-json\/wp\/v2\/posts"}],"about":[{"href":"https:\/\/tvc16.com\/portal\/wp-json\/wp\/v2\/types\/post"}],"author":[{"embeddable":true,"href":"https:\/\/tvc16.com\/portal\/wp-json\/wp\/v2\/users\/2"}],"replies":[{"embeddable":true,"href":"https:\/\/tvc16.com\/portal\/wp-json\/wp\/v2\/comments?post=4946"}],"version-history":[{"count":1,"href":"https:\/\/tvc16.com\/portal\/wp-json\/wp\/v2\/posts\/4946\/revisions"}],"predecessor-version":[{"id":4948,"href":"https:\/\/tvc16.com\/portal\/wp-json\/wp\/v2\/posts\/4946\/revisions\/4948"}],"wp:featuredmedia":[{"embeddable":true,"href":"https:\/\/tvc16.com\/portal\/wp-json\/wp\/v2\/media\/4947"}],"wp:attachment":[{"href":"https:\/\/tvc16.com\/portal\/wp-json\/wp\/v2\/media?parent=4946"}],"wp:term":[{"taxonomy":"category","embeddable":true,"href":"https:\/\/tvc16.com\/portal\/wp-json\/wp\/v2\/categories?post=4946"},{"taxonomy":"post_tag","embeddable":true,"href":"https:\/\/tvc16.com\/portal\/wp-json\/wp\/v2\/tags?post=4946"}],"curies":[{"name":"wp","href":"https:\/\/api.w.org\/{rel}","templated":true}]}}