{"id":4949,"date":"2020-11-05T16:08:30","date_gmt":"2020-11-05T16:08:30","guid":{"rendered":"https:\/\/tvc16.com\/portal\/?p=4949"},"modified":"2020-11-05T16:08:30","modified_gmt":"2020-11-05T16:08:30","slug":"beneficiarios-podem-contestar-cancelamento-da-extensao-do-auxilio-emergencial","status":"publish","type":"post","link":"https:\/\/tvc16.com\/portal\/2020\/11\/05\/beneficiarios-podem-contestar-cancelamento-da-extensao-do-auxilio-emergencial\/","title":{"rendered":"Benefici\u00e1rios podem contestar cancelamento da extens\u00e3o do Aux\u00edlio Emergencial"},"content":{"rendered":"\n<p>A solicita\u00e7\u00e3o deve ser feita exclusivamente por meio do site da Dataprev, sem necessidade de ir \u00e0 ag\u00eancia da Caixa, lot\u00e9rica ou posto de atendimento do Cadastro \u00danico<\/p>\n\n\n\n<p>Quem teve canceladas as parcelas da extens\u00e3o do Aux\u00edlio Emergencial, poder\u00e1 contestar a suspens\u00e3o do benef\u00edcio. Os benefici\u00e1rios que receberam as cinco parcelas e ficaram ineleg\u00edveis para o recebimento da extens\u00e3o, por n\u00e3o atenderem aos crit\u00e9rios determinados em lei, t\u00eam at\u00e9 o dia 9 de novembro para contestar a decis\u00e3o.&nbsp;<\/p>\n\n\n\n<p>A solicita\u00e7\u00e3o deve ser feita exclusivamente por meio do site da Dataprev, sem necessidade de ir \u00e0 ag\u00eancia da Caixa, lot\u00e9rica ou posto de atendimento do Cadastro \u00danico. Segundo o Minist\u00e9rio da Cidadania, ap\u00f3s a rean\u00e1lise dos dados, caso a contesta\u00e7\u00e3o seja aprovada, a extens\u00e3o do Aux\u00edlio Emergencial ser\u00e1 concedida no m\u00eas subsequente ao pedido de contesta\u00e7\u00e3o.<\/p>\n\n\n\n<p><a href=\"https:\/\/brasil61.com\/noticias\/governo-federal-divulga-novos-prazos-para-extensao-do-auxilio-emergencial-bras202474\"><strong>Governo Federal divulga novos prazos para extens\u00e3o do aux\u00edlio emergencial<\/strong><\/a><\/p>\n\n\n\n<p><a href=\"https:\/\/brasil61.com\/noticias\/poupanca-social-digital-tambem-ajudara-no-recebimento-de-beneficios-do-governo-federal-bras202438\"><strong>Poupan\u00e7a social digital tamb\u00e9m ajudar\u00e1 no recebimento de benef\u00edcios do Governo Federal<\/strong><\/a><\/p>\n\n\n\n<p>Foram definidos novos crit\u00e9rios e regras para ter direito \u00e0 ajuda residual do Governo Federal. Pessoas que eram eleg\u00edveis \u00e0 ajuda e que passaram, por exemplo, a ter v\u00ednculo empregat\u00edcio ap\u00f3s o in\u00edcio do recebimento do benef\u00edcio, n\u00e3o t\u00eam direito \u00e0s novas parcelas.<\/p>\n\n\n\n<p>Para quem \u00e9 benefici\u00e1rio do Bolsa Fam\u00edlia, se o valor recebido pelo programa for igual ou maior que R$ 300 ou R$ 600, no caso da m\u00e3e provedora da fam\u00edlia, o benefici\u00e1rio receber\u00e1 apenas o valor do Bolsa.<br>&nbsp;<\/p>\n\n\n\n<p>Fonte: <a href=\"https:\/\/brasil61.com\/noticias\/beneficiarios-podem-contestar-cancelamento-da-extensao-do-auxilio-emergencial-bras202479?email=bethdeoliveira@yahoo.com.br&amp;utm_source=newsletter&amp;utm_medium=newsletter&amp;utm_campaign=newsletter\" target=\"_blank\" rel=\"noreferrer noopener\">Brasil 61<\/a><\/p>\n","protected":false},"excerpt":{"rendered":"<p>A solicita\u00e7\u00e3o deve ser feita exclusivamente por meio do site da Dataprev, sem necessidade de<\/p>\n","protected":false},"author":2,"featured_media":4950,"comment_status":"open","ping_status":"open","sticky":false,"template":"","format":"standard","meta":{"footnotes":""},"categories":[18],"tags":[],"class_list":["post-4949","post","type-post","status-publish","format-standard","has-post-thumbnail","hentry","category-economia"],"_links":{"self":[{"href":"https:\/\/tvc16.com\/portal\/wp-json\/wp\/v2\/posts\/4949","targetHints":{"allow":["GET"]}}],"collection":[{"href":"https:\/\/tvc16.com\/portal\/wp-json\/wp\/v2\/posts"}],"about":[{"href":"https:\/\/tvc16.com\/portal\/wp-json\/wp\/v2\/types\/post"}],"author":[{"embeddable":true,"href":"https:\/\/tvc16.com\/portal\/wp-json\/wp\/v2\/users\/2"}],"replies":[{"embeddable":true,"href":"https:\/\/tvc16.com\/portal\/wp-json\/wp\/v2\/comments?post=4949"}],"version-history":[{"count":1,"href":"https:\/\/tvc16.com\/portal\/wp-json\/wp\/v2\/posts\/4949\/revisions"}],"predecessor-version":[{"id":4951,"href":"https:\/\/tvc16.com\/portal\/wp-json\/wp\/v2\/posts\/4949\/revisions\/4951"}],"wp:featuredmedia":[{"embeddable":true,"href":"https:\/\/tvc16.com\/portal\/wp-json\/wp\/v2\/media\/4950"}],"wp:attachment":[{"href":"https:\/\/tvc16.com\/portal\/wp-json\/wp\/v2\/media?parent=4949"}],"wp:term":[{"taxonomy":"category","embeddable":true,"href":"https:\/\/tvc16.com\/portal\/wp-json\/wp\/v2\/categories?post=4949"},{"taxonomy":"post_tag","embeddable":true,"href":"https:\/\/tvc16.com\/portal\/wp-json\/wp\/v2\/tags?post=4949"}],"curies":[{"name":"wp","href":"https:\/\/api.w.org\/{rel}","templated":true}]}}