{"id":4971,"date":"2020-11-05T16:32:10","date_gmt":"2020-11-05T16:32:10","guid":{"rendered":"https:\/\/tvc16.com\/portal\/?p=4971"},"modified":"2020-11-05T16:32:10","modified_gmt":"2020-11-05T16:32:10","slug":"policia-federal-investiga-grupo-que-fraudava-a-previdencia","status":"publish","type":"post","link":"https:\/\/tvc16.com\/portal\/2020\/11\/05\/policia-federal-investiga-grupo-que-fraudava-a-previdencia\/","title":{"rendered":"Pol\u00edcia Federal investiga grupo que fraudava a Previd\u00eancia"},"content":{"rendered":"\n<h3 class=\"wp-block-heading\">Opera\u00e7\u00e3o est\u00e1 sendo realizada no Maranh\u00e3o e Par\u00e1<\/h3>\n\n\n\n<h4 class=\"wp-block-heading\">Por Pedro Peduzzi &#8211; Rep\u00f3rter da Ag\u00eancia Brasil &#8211; Bras\u00edlia<\/h4>\n\n\n\n<p>A Pol\u00edcia Federal deflagrou hoje (5) a Opera\u00e7\u00e3o Fragmentado, tendo como alvo um esquema de fraudes contra o sistema previdenci\u00e1rio. Cerca de 70 policiais federais cumpriram 25 mandados judiciais, sendo um deles de pris\u00e3o preventiva, seis de pris\u00e3o tempor\u00e1ria e 18 de busca e apreens\u00e3o.<img decoding=\"async\" src=\"https:\/\/agenciabrasil.ebc.com.br\/ebc.png?id=1392330&amp;o=node\"><img decoding=\"async\" src=\"https:\/\/agenciabrasil.ebc.com.br\/ebc.gif?id=1392330&amp;o=node\"><\/p>\n\n\n\n<p>As dilig\u00eancias foram cumpridas nos munic\u00edpios maranhenses de S\u00e3o Lu\u00eds, Santa Rita, Bacabeira e Peri Mirim. H\u00e1 tamb\u00e9m dilig\u00eancias em Ananindeua, no Par\u00e1.<\/p>\n\n\n\n<p>Um dos mandados de busca e apreens\u00e3o foi cumprido na Ag\u00eancia da Previd\u00eancia Social de Santa Rita, no Maranh\u00e3o. Outro, na resid\u00eancia de uma servidora do INSS. De acordo com a PF, foi pedido ao INSS que suspenda e bloqueie, de imediato, pagamentos a 61 benef\u00edcios, e que todos eles sejam submetidos a procedimentos de auditoria.<\/p>\n\n\n\n<p>A PF informa j\u00e1 ter contabilizado um preju\u00edzo pr\u00f3ximo a R$ 7,3 milh\u00f5es.<\/p>\n\n\n\n<p>Iniciada em 2019, a investiga\u00e7\u00e3o possibilitou a identifica\u00e7\u00e3o de um esquema de fraudes que falsificava documentos para a obten\u00e7\u00e3o indevida e manuten\u00e7\u00e3o de benef\u00edcios previdenci\u00e1rios.<\/p>\n\n\n\n<p>Em nota, a PF informa que os envolvidos est\u00e3o sendo investigados pela pr\u00e1tica dos crimes de estelionato previdenci\u00e1rio, associa\u00e7\u00e3o criminosa, uso de documento falso. Somadas, as penas podem ultrapassar 15 anos de reclus\u00e3o.<\/p>\n\n\n\n<p>Edi\u00e7\u00e3o: Fernando Fraga<\/p>\n","protected":false},"excerpt":{"rendered":"<p>Opera\u00e7\u00e3o est\u00e1 sendo realizada no Maranh\u00e3o e Par\u00e1 Por Pedro Peduzzi &#8211; Rep\u00f3rter da Ag\u00eancia<\/p>\n","protected":false},"author":2,"featured_media":4973,"comment_status":"open","ping_status":"open","sticky":false,"template":"","format":"standard","meta":{"footnotes":""},"categories":[17],"tags":[],"class_list":["post-4971","post","type-post","status-publish","format-standard","has-post-thumbnail","hentry","category-outras-noticias"],"_links":{"self":[{"href":"https:\/\/tvc16.com\/portal\/wp-json\/wp\/v2\/posts\/4971","targetHints":{"allow":["GET"]}}],"collection":[{"href":"https:\/\/tvc16.com\/portal\/wp-json\/wp\/v2\/posts"}],"about":[{"href":"https:\/\/tvc16.com\/portal\/wp-json\/wp\/v2\/types\/post"}],"author":[{"embeddable":true,"href":"https:\/\/tvc16.com\/portal\/wp-json\/wp\/v2\/users\/2"}],"replies":[{"embeddable":true,"href":"https:\/\/tvc16.com\/portal\/wp-json\/wp\/v2\/comments?post=4971"}],"version-history":[{"count":1,"href":"https:\/\/tvc16.com\/portal\/wp-json\/wp\/v2\/posts\/4971\/revisions"}],"predecessor-version":[{"id":4974,"href":"https:\/\/tvc16.com\/portal\/wp-json\/wp\/v2\/posts\/4971\/revisions\/4974"}],"wp:featuredmedia":[{"embeddable":true,"href":"https:\/\/tvc16.com\/portal\/wp-json\/wp\/v2\/media\/4973"}],"wp:attachment":[{"href":"https:\/\/tvc16.com\/portal\/wp-json\/wp\/v2\/media?parent=4971"}],"wp:term":[{"taxonomy":"category","embeddable":true,"href":"https:\/\/tvc16.com\/portal\/wp-json\/wp\/v2\/categories?post=4971"},{"taxonomy":"post_tag","embeddable":true,"href":"https:\/\/tvc16.com\/portal\/wp-json\/wp\/v2\/tags?post=4971"}],"curies":[{"name":"wp","href":"https:\/\/api.w.org\/{rel}","templated":true}]}}