{"id":4972,"date":"2020-11-05T16:32:53","date_gmt":"2020-11-05T16:32:53","guid":{"rendered":"https:\/\/tvc16.com\/portal\/?p=4972"},"modified":"2020-11-05T16:32:53","modified_gmt":"2020-11-05T16:32:53","slug":"jovem-ameaca-irmaos-e-e-preso","status":"publish","type":"post","link":"https:\/\/tvc16.com\/portal\/2020\/11\/05\/jovem-ameaca-irmaos-e-e-preso\/","title":{"rendered":"Jovem amea\u00e7a irm\u00e3os e \u00e9 preso"},"content":{"rendered":"\n<p>Um jovem, de 19 anos, foi preso ap\u00f3s amea\u00e7ar os irm\u00e3os. O caso foi registrado na Rua S\u00e3o Sebasti\u00e3o, no Bataillard, na madrugada desta quinta-feira (05). Quem denunciou o crime foi a irm\u00e3, de 44 anos. Ela confirmou a Pol\u00edcia Militar que o jovem estava descontrolado e amea\u00e7ava atear fogo na casa da fam\u00edlia. Vale ressaltar, que a mulher j\u00e1 possui uma medida protetiva contra o acusado. Diante dos fatos ele foi levado para a 105\u00aa Delegacia de Pol\u00edcia, no Retiro, onde foi autuado pelo crime de amea\u00e7a e permaneceu preso.<\/p>\n\n\n\n<p>Foto: ilustrativa <\/p>\n","protected":false},"excerpt":{"rendered":"<p>Um jovem, de 19 anos, foi preso ap\u00f3s amea\u00e7ar os irm\u00e3os. O caso foi registrado<\/p>\n","protected":false},"author":2,"featured_media":4976,"comment_status":"open","ping_status":"open","sticky":false,"template":"","format":"standard","meta":{"footnotes":""},"categories":[12],"tags":[],"class_list":["post-4972","post","type-post","status-publish","format-standard","has-post-thumbnail","hentry","category-cidade"],"_links":{"self":[{"href":"https:\/\/tvc16.com\/portal\/wp-json\/wp\/v2\/posts\/4972","targetHints":{"allow":["GET"]}}],"collection":[{"href":"https:\/\/tvc16.com\/portal\/wp-json\/wp\/v2\/posts"}],"about":[{"href":"https:\/\/tvc16.com\/portal\/wp-json\/wp\/v2\/types\/post"}],"author":[{"embeddable":true,"href":"https:\/\/tvc16.com\/portal\/wp-json\/wp\/v2\/users\/2"}],"replies":[{"embeddable":true,"href":"https:\/\/tvc16.com\/portal\/wp-json\/wp\/v2\/comments?post=4972"}],"version-history":[{"count":1,"href":"https:\/\/tvc16.com\/portal\/wp-json\/wp\/v2\/posts\/4972\/revisions"}],"predecessor-version":[{"id":4977,"href":"https:\/\/tvc16.com\/portal\/wp-json\/wp\/v2\/posts\/4972\/revisions\/4977"}],"wp:featuredmedia":[{"embeddable":true,"href":"https:\/\/tvc16.com\/portal\/wp-json\/wp\/v2\/media\/4976"}],"wp:attachment":[{"href":"https:\/\/tvc16.com\/portal\/wp-json\/wp\/v2\/media?parent=4972"}],"wp:term":[{"taxonomy":"category","embeddable":true,"href":"https:\/\/tvc16.com\/portal\/wp-json\/wp\/v2\/categories?post=4972"},{"taxonomy":"post_tag","embeddable":true,"href":"https:\/\/tvc16.com\/portal\/wp-json\/wp\/v2\/tags?post=4972"}],"curies":[{"name":"wp","href":"https:\/\/api.w.org\/{rel}","templated":true}]}}