{"id":4979,"date":"2020-11-05T16:41:25","date_gmt":"2020-11-05T16:41:25","guid":{"rendered":"https:\/\/tvc16.com\/portal\/?p=4979"},"modified":"2020-11-05T16:43:43","modified_gmt":"2020-11-05T16:43:43","slug":"detran-rj-reabre-17-unidades-de-habilitacao-com-oferta-de-5-mil-vagas","status":"publish","type":"post","link":"https:\/\/tvc16.com\/portal\/2020\/11\/05\/detran-rj-reabre-17-unidades-de-habilitacao-com-oferta-de-5-mil-vagas\/","title":{"rendered":"Detran.RJ reabre 17 unidades de habilita\u00e7\u00e3o com oferta de 5 mil vagas"},"content":{"rendered":"\n<p>As unidades do Detran.RJ que oferecem servi\u00e7os de habilita\u00e7\u00e3o voltam a funcionar normalmente este m\u00eas. Mais de 90 postos ser\u00e3o reabertos na \u00faltima fase de retomada das atividades com in\u00edcio no pr\u00f3ximo s\u00e1bado, dia 7. A capital e outras 12 cidades receber\u00e3o o mutir\u00e3o do departamento com 5 mil vagas para procedimentos referentes a Carteira Nacional de Habilita\u00e7\u00e3o (CNH), marcando a reabertura de 17 dessas unidades em todas as regi\u00f5es do estado. A cada semana, seguindo os protocolos de sa\u00fade, mais postos ser\u00e3o reabertos at\u00e9 que todos estejam novamente em funcionamento at\u00e9 o fim de novembro.<\/p>\n\n\n\n<p>A partir deste s\u00e1bado, reabrem as unidades: Petr\u00f3polis, Tr\u00eas Rios, na capital, Aerotown (Barra da Tijuca), Am\u00e9ricas Shopping (Recreio dos Bandeirantes), West Shopping (Campo Grande), Shopping Penha e G\u00e1vea; e no restante do estado, nos munic\u00edpios de Angra dos Reis, Belford Roxo, Cabo Frio, Campos, Itabora\u00ed, Itaperuna, Niter\u00f3i, Nova Igua\u00e7u, Maca\u00e9 e Volta Redonda. Estar\u00e3o dispon\u00edveis nesses 17 locais servi\u00e7os como renova\u00e7\u00e3o da carteira de motorista, primeira e segunda via de CNH; adi\u00e7\u00e3o e mudan\u00e7a de categoria; troca da permiss\u00e3o pela definitiva; e altera\u00e7\u00e3o de dados com inclus\u00e3o de atividade remunerada.<\/p>\n\n\n\n<p>Algumas unidades citadas j\u00e1 faziam entrega de CNHs emitidas antes da pandemia, mas passar\u00e3o a ter o atendimento normalizado para todos os servi\u00e7os citados.<\/p>\n\n\n\n<p>Este \u00e9 o quarto mutir\u00e3o realizado nos fins de semana para reduzir a demanda represada durante o fechamento dos postos na pandemia. Cerca de seis mil pessoas j\u00e1 foram atendidas nas vagas extras geradas na for\u00e7a-tarefa dos fins de semana. \u201cVerificamos que a procura por servi\u00e7os de habilita\u00e7\u00e3o estava muito alta nessa reabertura e, por isso, optamos por um mutir\u00e3o s\u00f3 com procedimentos deste setor. Se, ao fim de novembro, mesmo com os mutir\u00f5es dos fins de semana, identificarmos que a demanda acumulada na pandemia continua grande, continuaremos com as vagas extras aos s\u00e1bados e domingos\u201d, explicou o presidente do Detran.RJ, Adolfo Konder.<\/p>\n\n\n\n<p>Os servi\u00e7os de habilita\u00e7\u00e3o precisam ser agendados para que n\u00e3o haja aglomera\u00e7\u00e3o nos postos. O agendamento poder\u00e1 ser feito j\u00e1 pela manh\u00e3 desta quinta-feira (5\/11) nos telefones 3460-4040, 3460-4041 e 3460-4042, ou pelo site www.detran.rj.gov.br.<\/p>\n\n\n\n<p>O Detran refor\u00e7a que \u00e9 preciso respeitar o hor\u00e1rio agendado, sem antecipa\u00e7\u00e3o, para que n\u00e3o ocorram filas e consequente aglomera\u00e7\u00e3o, o que n\u00e3o \u00e9 o desej\u00e1vel neste per\u00edodo de pandemia. O departamento tamb\u00e9m pede para que as pessoas n\u00e3o levem acompanhantes aos postos.<\/p>\n\n\n\n<p><strong>Veja abaixo a lista de postos de habilita\u00e7\u00e3o que far\u00e3o atendimento a partir do pr\u00f3ximo s\u00e1bado (7), com endere\u00e7os e hor\u00e1rios no dia do mutir\u00e3o e no decorrer da semana:<\/strong><\/p>\n\n\n\n<p><strong>REGI\u00c3O METROPOLITANA<\/strong><\/p>\n\n\n\n<p><strong>CENTRO &#8211; SEDE<\/strong><\/p>\n\n\n\n<p>Local: Avenida Presidente Vargas, 817 \u2013 Centro (Sede Detran.RJ)<\/p>\n\n\n\n<p>Hor\u00e1rio: Das 10 \u00e0s 17h (mutir\u00e3o) \/ das 8h \u00e0s 17h (durante a semana)<\/p>\n\n\n\n<p><strong><u>INTERIOR<\/u><\/strong><\/p>\n\n\n\n<p><strong>PETR\u00d3POLIS<\/strong><\/p>\n\n\n\n<p>Local: Rua Teresa, 1515, Alto da Serra<\/p>\n\n\n\n<p>Hor\u00e1rio: Das 10 \u00e0s 17h (mutir\u00e3o) \/ das 8h \u00e0s 17h (durante a semana)<\/p>\n\n\n\n<p><strong>TR\u00caS RIOS<\/strong><\/p>\n\n\n\n<p>Local: Rua Prefeito Joaquim Ferreira, 28 &#8211; Centro<\/p>\n\n\n\n<p>Hor\u00e1rio: Das 10 \u00e0s 17h (mutir\u00e3o) \/ das 8h \u00e0s 17h (durante a semana)<\/p>\n\n\n\n<p><strong>CAMPOS<\/strong><\/p>\n\n\n\n<p>Local: Rua Bar\u00e3o de Miracema, 246 &#8211; Centro<\/p>\n\n\n\n<p>Hor\u00e1rio: Das 10 \u00e0s 17h (mutir\u00e3o) \/ das 8h \u00e0s 17h (durante a semana)<\/p>\n\n\n\n<p><strong>VOLTA REDONDA<\/strong><\/p>\n\n\n\n<p>Local: Av. Get\u00falio Vargas, 759 &#8211; Centro<\/p>\n\n\n\n<p>Hor\u00e1rio: Das 10 \u00e0s 17h (mutir\u00e3o) \/ das 8h \u00e0s 17h (durante a semana)<\/p>\n\n\n\n<p><strong>ANGRA DOS REIS<\/strong><\/p>\n\n\n\n<p>Local: Estrada Municipal, 91 &#8211; Shopping Piratas Mall<\/p>\n\n\n\n<p>Hor\u00e1rio: Das 10 \u00e0s 17h (mutir\u00e3o) \/ das 8h \u00e0s 17h (durante a semana)<\/p>\n\n\n\n<p><strong>CABO FRIO<\/strong><\/p>\n\n\n\n<p>Local: Avenida Teixeira de Souza, 1.612 &#8211; Braga<\/p>\n\n\n\n<p>Hor\u00e1rio: Das 10 \u00e0s 17h (mutir\u00e3o) \/ das 8h \u00e0s 17h (durante a semana)<\/p>\n\n\n\n<p><strong>ITAPERUNA<\/strong><\/p>\n\n\n\n<p>Local: Av. Porto Alegre, 245 &#8211; Cidade Nova<\/p>\n\n\n\n<p>Hor\u00e1rio: Das 10 \u00e0s 17h (mutir\u00e3o) \/ das 8h \u00e0s 17h (durante a semana)<\/p>\n\n\n\n<p><strong>MACA\u00c9<\/strong><\/p>\n\n\n\n<p>Local: Avenida dos Jesu\u00edtas, s\/n, Imbetiba<\/p>\n\n\n\n<p>Hor\u00e1rio: Das 10 \u00e0s 17h (mutir\u00e3o) \/ das 8h \u00e0s 17h (durante a semana)<\/p>\n\n\n\n<p>Foto: arquivo Di\u00e1rio de Petr\u00f3polis<\/p>\n","protected":false},"excerpt":{"rendered":"<p>As unidades do Detran.RJ que oferecem servi\u00e7os de habilita\u00e7\u00e3o voltam a funcionar normalmente este m\u00eas.<\/p>\n","protected":false},"author":2,"featured_media":4982,"comment_status":"open","ping_status":"open","sticky":false,"template":"","format":"standard","meta":{"footnotes":""},"categories":[12],"tags":[],"class_list":["post-4979","post","type-post","status-publish","format-standard","has-post-thumbnail","hentry","category-cidade"],"_links":{"self":[{"href":"https:\/\/tvc16.com\/portal\/wp-json\/wp\/v2\/posts\/4979","targetHints":{"allow":["GET"]}}],"collection":[{"href":"https:\/\/tvc16.com\/portal\/wp-json\/wp\/v2\/posts"}],"about":[{"href":"https:\/\/tvc16.com\/portal\/wp-json\/wp\/v2\/types\/post"}],"author":[{"embeddable":true,"href":"https:\/\/tvc16.com\/portal\/wp-json\/wp\/v2\/users\/2"}],"replies":[{"embeddable":true,"href":"https:\/\/tvc16.com\/portal\/wp-json\/wp\/v2\/comments?post=4979"}],"version-history":[{"count":2,"href":"https:\/\/tvc16.com\/portal\/wp-json\/wp\/v2\/posts\/4979\/revisions"}],"predecessor-version":[{"id":4983,"href":"https:\/\/tvc16.com\/portal\/wp-json\/wp\/v2\/posts\/4979\/revisions\/4983"}],"wp:featuredmedia":[{"embeddable":true,"href":"https:\/\/tvc16.com\/portal\/wp-json\/wp\/v2\/media\/4982"}],"wp:attachment":[{"href":"https:\/\/tvc16.com\/portal\/wp-json\/wp\/v2\/media?parent=4979"}],"wp:term":[{"taxonomy":"category","embeddable":true,"href":"https:\/\/tvc16.com\/portal\/wp-json\/wp\/v2\/categories?post=4979"},{"taxonomy":"post_tag","embeddable":true,"href":"https:\/\/tvc16.com\/portal\/wp-json\/wp\/v2\/tags?post=4979"}],"curies":[{"name":"wp","href":"https:\/\/api.w.org\/{rel}","templated":true}]}}