{"id":4984,"date":"2020-11-05T16:49:15","date_gmt":"2020-11-05T16:49:15","guid":{"rendered":"https:\/\/tvc16.com\/portal\/?p=4984"},"modified":"2020-11-05T16:49:15","modified_gmt":"2020-11-05T16:49:15","slug":"dom-gregorio-paixao-convoca-catolicos-a-doar-sangue","status":"publish","type":"post","link":"https:\/\/tvc16.com\/portal\/2020\/11\/05\/dom-gregorio-paixao-convoca-catolicos-a-doar-sangue\/","title":{"rendered":"Dom Greg\u00f3rio Paix\u00e3o convoca cat\u00f3licos a doar sangue"},"content":{"rendered":"\n<p>Com o objetivo de incentivar a doa\u00e7\u00e3o de sangue, o bispo diocesano, Dom Greg\u00f3rio Paix\u00e3o, OSB, no dia 4 de novembro, foi ao Banco de Sangue do Hospital Santa Teresa e fez a doa\u00e7\u00e3o de sangue. \u201c\u00c9 uma grande gra\u00e7a poder doar sangue para os irm\u00e3os que necessitam. Voc\u00ea que pode, v\u00e1 ao banco de sangue e fa\u00e7a a sua doa\u00e7\u00e3o. Com este gesto, vamos dar vida e dar a possibilidade de sobrevida a tantos irm\u00e3os e a tantas irm\u00e3s que necessitam de sangue\u201d, disse.<\/p>\n\n\n\n<p><br>O gesto do bispo diocesano teve como objetivo incentivar a doa\u00e7\u00e3o de sangue, principalmente entre a comunidade da Diocese de Petr\u00f3polis, pois at\u00e9 o dia 14 de novembro acontece a campanha Cat\u00f3lico Sangue Bom. \u201cEstamos convocando todos os cat\u00f3licos, mas, todos, independente da religi\u00e3o somos convidados a participar desse ato de alegria, solidariedade e f\u00e9. Doar sangue \u00e9 um gesto de caridade e que ajuda a salvar vidas\u201d, afirmou Dom Greg\u00f3rio Paix\u00e3o, OSB.<\/p>\n\n\n\n<p><br>Em Petr\u00f3polis a doa\u00e7\u00e3o pode ser feita no Banco de Sangue do Hospital Santa Teresa, que fica na rua Doutor Paulo Herv\u00ea, n\u00famero 1.130. Nas demais cidades que formam a Diocese de Petr\u00f3polis, os cat\u00f3licos e todas as pessoas interessadas em doar sangue devem procurar uma unidade de sa\u00fade e se informar onde podem fazer a doa\u00e7\u00e3o.<\/p>\n\n\n\n<p><br>O bispo lembrou que nos \u00faltimos meses, por causa da pandemia causada pelo Covid-19, a doa\u00e7\u00e3o de sangue diminuiu muito e por isso \u201cnum gesto de caridade e de amor, como teve Nosso Senhor Jesus Cristo, devemos ajudar as pessoas que necessitam de sangue\u201d, afirmou Dom Greg\u00f3rio, lembrando as palavras de Jesus \u201cenfermo e me visitastes\u201d, frisando que doar sangue \u00e9 cumprir o mandamento do amor ao pr\u00f3ximo.<\/p>\n\n\n\n<p><br>Crit\u00e9rios do Minist\u00e9rio da Sa\u00fade para doa\u00e7\u00e3o de sangue:<\/p>\n\n\n\n<p><br>Ter idade entre 16 e 69 anos, desde que a primeira doa\u00e7\u00e3o tenha sido feita at\u00e9 60 anos (menores de 18 anos devem possuir consentimento formal do respons\u00e1vel legal); Pesar no m\u00ednimo 50 kg; Estar alimentado. N\u00e3o ingerir alimentos gordurosos antes da doa\u00e7\u00e3o; Ter dormido pelo menos 6 horas nas \u00faltimas 24 horas; Apresentar documento de identifica\u00e7\u00e3o com foto emitido por \u00f3rg\u00e3o oficial (Carteira de Identidade, Carteira Nacional de Habilita\u00e7\u00e3o, Carteira de Trabalho, Passaporte, Registro Nacional de Estrangeiro, Certificado de Reservista e Carteira Profissional emitida por classe), ser\u00e3o aceitos documentos digitais com foto.<\/p>\n","protected":false},"excerpt":{"rendered":"<p>Com o objetivo de incentivar a doa\u00e7\u00e3o de sangue, o bispo diocesano, Dom Greg\u00f3rio Paix\u00e3o,<\/p>\n","protected":false},"author":2,"featured_media":4985,"comment_status":"open","ping_status":"open","sticky":false,"template":"","format":"standard","meta":{"footnotes":""},"categories":[12],"tags":[],"class_list":["post-4984","post","type-post","status-publish","format-standard","has-post-thumbnail","hentry","category-cidade"],"_links":{"self":[{"href":"https:\/\/tvc16.com\/portal\/wp-json\/wp\/v2\/posts\/4984","targetHints":{"allow":["GET"]}}],"collection":[{"href":"https:\/\/tvc16.com\/portal\/wp-json\/wp\/v2\/posts"}],"about":[{"href":"https:\/\/tvc16.com\/portal\/wp-json\/wp\/v2\/types\/post"}],"author":[{"embeddable":true,"href":"https:\/\/tvc16.com\/portal\/wp-json\/wp\/v2\/users\/2"}],"replies":[{"embeddable":true,"href":"https:\/\/tvc16.com\/portal\/wp-json\/wp\/v2\/comments?post=4984"}],"version-history":[{"count":1,"href":"https:\/\/tvc16.com\/portal\/wp-json\/wp\/v2\/posts\/4984\/revisions"}],"predecessor-version":[{"id":4986,"href":"https:\/\/tvc16.com\/portal\/wp-json\/wp\/v2\/posts\/4984\/revisions\/4986"}],"wp:featuredmedia":[{"embeddable":true,"href":"https:\/\/tvc16.com\/portal\/wp-json\/wp\/v2\/media\/4985"}],"wp:attachment":[{"href":"https:\/\/tvc16.com\/portal\/wp-json\/wp\/v2\/media?parent=4984"}],"wp:term":[{"taxonomy":"category","embeddable":true,"href":"https:\/\/tvc16.com\/portal\/wp-json\/wp\/v2\/categories?post=4984"},{"taxonomy":"post_tag","embeddable":true,"href":"https:\/\/tvc16.com\/portal\/wp-json\/wp\/v2\/tags?post=4984"}],"curies":[{"name":"wp","href":"https:\/\/api.w.org\/{rel}","templated":true}]}}