{"id":4987,"date":"2020-11-05T17:06:50","date_gmt":"2020-11-05T17:06:50","guid":{"rendered":"https:\/\/tvc16.com\/portal\/?p=4987"},"modified":"2020-11-05T17:06:50","modified_gmt":"2020-11-05T17:06:50","slug":"inmet-alerta-para-temporais-na-regiao-serrana","status":"publish","type":"post","link":"https:\/\/tvc16.com\/portal\/2020\/11\/05\/inmet-alerta-para-temporais-na-regiao-serrana\/","title":{"rendered":"INMET alerta para temporais na Regi\u00e3o Serrana"},"content":{"rendered":"\n<p>A Defesa Civil informou agora que o Instituto Nacional de Meteorologia\/INMET emitiu um alerta para temporais, com perigo em potencial, na Regi\u00e3o Serrana. O aviso segue at\u00e9 \u00e0s 9h de sexta-feira (06), e \u00e9 v\u00e1lido tamb\u00e9m para a Costa Verde, Noroeste, Baixadas Litor\u00e2neas, Metropolitana, Norte, M\u00e9dio Para\u00edba, e Centrossul.<\/p>\n\n\n\n<p>O \u00edndice pluviom\u00e9trico estimado \u00e9 de 20 a 30 mil\u00edmetros de chuva em uma hora, ou at\u00e9 50 mm no dia. Os ventos podem ser intensos variando entre (40-60 km\/h). Apesar disso, h\u00e1 baixo risco de corte de energia el\u00e9trica, queda de galhos de \u00e1rvores, alagamentos e de descargas el\u00e9tricas.<\/p>\n","protected":false},"excerpt":{"rendered":"<p>A Defesa Civil informou agora que o Instituto Nacional de Meteorologia\/INMET emitiu um alerta para<\/p>\n","protected":false},"author":2,"featured_media":4988,"comment_status":"open","ping_status":"open","sticky":false,"template":"","format":"standard","meta":{"footnotes":""},"categories":[12],"tags":[],"class_list":["post-4987","post","type-post","status-publish","format-standard","has-post-thumbnail","hentry","category-cidade"],"_links":{"self":[{"href":"https:\/\/tvc16.com\/portal\/wp-json\/wp\/v2\/posts\/4987","targetHints":{"allow":["GET"]}}],"collection":[{"href":"https:\/\/tvc16.com\/portal\/wp-json\/wp\/v2\/posts"}],"about":[{"href":"https:\/\/tvc16.com\/portal\/wp-json\/wp\/v2\/types\/post"}],"author":[{"embeddable":true,"href":"https:\/\/tvc16.com\/portal\/wp-json\/wp\/v2\/users\/2"}],"replies":[{"embeddable":true,"href":"https:\/\/tvc16.com\/portal\/wp-json\/wp\/v2\/comments?post=4987"}],"version-history":[{"count":1,"href":"https:\/\/tvc16.com\/portal\/wp-json\/wp\/v2\/posts\/4987\/revisions"}],"predecessor-version":[{"id":4989,"href":"https:\/\/tvc16.com\/portal\/wp-json\/wp\/v2\/posts\/4987\/revisions\/4989"}],"wp:featuredmedia":[{"embeddable":true,"href":"https:\/\/tvc16.com\/portal\/wp-json\/wp\/v2\/media\/4988"}],"wp:attachment":[{"href":"https:\/\/tvc16.com\/portal\/wp-json\/wp\/v2\/media?parent=4987"}],"wp:term":[{"taxonomy":"category","embeddable":true,"href":"https:\/\/tvc16.com\/portal\/wp-json\/wp\/v2\/categories?post=4987"},{"taxonomy":"post_tag","embeddable":true,"href":"https:\/\/tvc16.com\/portal\/wp-json\/wp\/v2\/tags?post=4987"}],"curies":[{"name":"wp","href":"https:\/\/api.w.org\/{rel}","templated":true}]}}