{"id":499,"date":"2020-09-15T18:16:32","date_gmt":"2020-09-15T18:16:32","guid":{"rendered":"https:\/\/tvc16.com\/portal\/?p=499"},"modified":"2020-09-15T18:21:34","modified_gmt":"2020-09-15T18:21:34","slug":"corpo-de-maxwell-soares-da-silva-e-encontrado-apos-nove-dias-de-buscas","status":"publish","type":"post","link":"https:\/\/tvc16.com\/portal\/2020\/09\/15\/corpo-de-maxwell-soares-da-silva-e-encontrado-apos-nove-dias-de-buscas\/","title":{"rendered":"Corpo de Maxwell Soares da Silva \u00e9 encontrado ap\u00f3s nove dias de buscas"},"content":{"rendered":"\n<p>O corpo do soldado do Ex\u00e9rcito Maxwell Soares da Silva, de 20 anos foi encontrado hoje (15), \u00e0s 7h, na Praia da Reserva, pelas equipes do 2\u00ba Grupamento Mar\u00edtimo da Barra da Tijuca e GBS Barra da Tijuca, ap\u00f3s nove dias de buscas. A informa\u00e7\u00e3o foi confirmada por uma amiga da fam\u00edlia.<br><\/p>\n\n\n\n<p>O rapaz estava desaparecido desde a madrugada do dia 6 de setembro, ap\u00f3s mergulhar no mar da praia do Posto 8, na Barra. Na ocasi\u00e3o ele estava com amigos quando decidiu dar um mergulho. Maxwell chegou a pedir socorro, mas em seguida desapareceu na \u00e1gua. Ele viajava com familiares e amigos para passar o feriado de 7 de setembro na praia. <\/p>\n\n\n\n<p>Nas redes sociais a m\u00e3e do jovem, amigos e familiares lamentaram a perda e prestaram homenagens a Maxwell.<\/p>\n","protected":false},"excerpt":{"rendered":"<p>O corpo do soldado do Ex\u00e9rcito Maxwell Soares da Silva, de 20 anos foi encontrado<\/p>\n","protected":false},"author":2,"featured_media":500,"comment_status":"open","ping_status":"open","sticky":false,"template":"","format":"standard","meta":{"footnotes":""},"categories":[12],"tags":[],"class_list":["post-499","post","type-post","status-publish","format-standard","has-post-thumbnail","hentry","category-cidade"],"_links":{"self":[{"href":"https:\/\/tvc16.com\/portal\/wp-json\/wp\/v2\/posts\/499","targetHints":{"allow":["GET"]}}],"collection":[{"href":"https:\/\/tvc16.com\/portal\/wp-json\/wp\/v2\/posts"}],"about":[{"href":"https:\/\/tvc16.com\/portal\/wp-json\/wp\/v2\/types\/post"}],"author":[{"embeddable":true,"href":"https:\/\/tvc16.com\/portal\/wp-json\/wp\/v2\/users\/2"}],"replies":[{"embeddable":true,"href":"https:\/\/tvc16.com\/portal\/wp-json\/wp\/v2\/comments?post=499"}],"version-history":[{"count":2,"href":"https:\/\/tvc16.com\/portal\/wp-json\/wp\/v2\/posts\/499\/revisions"}],"predecessor-version":[{"id":502,"href":"https:\/\/tvc16.com\/portal\/wp-json\/wp\/v2\/posts\/499\/revisions\/502"}],"wp:featuredmedia":[{"embeddable":true,"href":"https:\/\/tvc16.com\/portal\/wp-json\/wp\/v2\/media\/500"}],"wp:attachment":[{"href":"https:\/\/tvc16.com\/portal\/wp-json\/wp\/v2\/media?parent=499"}],"wp:term":[{"taxonomy":"category","embeddable":true,"href":"https:\/\/tvc16.com\/portal\/wp-json\/wp\/v2\/categories?post=499"},{"taxonomy":"post_tag","embeddable":true,"href":"https:\/\/tvc16.com\/portal\/wp-json\/wp\/v2\/tags?post=499"}],"curies":[{"name":"wp","href":"https:\/\/api.w.org\/{rel}","templated":true}]}}