{"id":4994,"date":"2020-11-06T12:23:48","date_gmt":"2020-11-06T12:23:48","guid":{"rendered":"https:\/\/tvc16.com\/portal\/?p=4994"},"modified":"2020-11-06T12:23:48","modified_gmt":"2020-11-06T12:23:48","slug":"novembro-azul-tera-mutirao-de-atendimentos-e-consultas","status":"publish","type":"post","link":"https:\/\/tvc16.com\/portal\/2020\/11\/06\/novembro-azul-tera-mutirao-de-atendimentos-e-consultas\/","title":{"rendered":"Novembro azul ter\u00e1 mutir\u00e3o de atendimentos e consultas"},"content":{"rendered":"\n<p>A prefeitura informa que ter\u00e3o in\u00edcio as a\u00e7\u00f5es da Campanha Novembro Azul. Durante todo o m\u00eas ser\u00e3o disponibilizados, em diversas unidades de sa\u00fade, exames, consultas e mutir\u00f5es voltados \u00e0 sa\u00fade da popula\u00e7\u00e3o masculina do munic\u00edpio. Todas as Unidades de Aten\u00e7\u00e3o B\u00e1sica ir\u00e3o prestar atendimentos com o objetivo de ampliar o acesso aos usu\u00e1rios da rede, inclusive com a\u00e7\u00f5es no terceiro turno nas Unidades B\u00e1sicas do Itamarati, Estrada da Saudade, 24 de Maio, Pedro do Rio, Retiro, Alto da Serra e Quitandinha, entre 08 e 20h. Tamb\u00e9m ser\u00e3o realizados testes r\u00e1pidos para a COVID-19 e doen\u00e7as sexualmente transmiss\u00edveis, al\u00e9m da divulga\u00e7\u00e3o de cuidados b\u00e1sicos da sa\u00fade masculina.<\/p>\n\n\n\n<p>No pr\u00f3ximo s\u00e1bado, dia 07 de novembro, o Hospital Alcides Carneiro vai realizar um mutir\u00e3o de atendimentos com consultas de urologia, acupuntura, cl\u00ednica m\u00e9dica, cl\u00ednica cir\u00fargica, ortopedia, cardiologia e dermatologia. Tamb\u00e9m no dia 07, o Posto de Sa\u00fade da Fam\u00edlia do Sargento Boening ir\u00e1 oferecer consultas de diversas especialidades e testagem r\u00e1pida aos pacientes. Nos dias 12, 19 e 26, os atendimentos e consultas, exclusivamente com enfermeiros, ser\u00e3o feitos com extens\u00e3o ao terceiro turno no Posto da 24 de Maio, no Centro da cidade, entre 08h e 20h.<\/p>\n\n\n\n<p>O Ambulat\u00f3rio Escola, no bairro Samambaia, tamb\u00e9m vai oferecer atendimento aos pacientes pela Campanha Novembro Azul. Consultas, a\u00e7\u00f5es educativas e testagem contra doen\u00e7as sexualmente transmiss\u00edveis v\u00e3o ocorrer nos dias 10, 17 e 24 de novembro, das 9h ao meio-dia e das 13h \u00e0s 16h. Dias 11, 18 e 25 de novembro, os atendimentos ser\u00e3o entre 09h e meio-dia, na mesma unidade. Dias 11, 12, 18 e 19 no posto do Machado Fagundes, na Estrada da Saudade, ser\u00e3o oferecidos atendimentos \u00e0 popula\u00e7\u00e3o masculina com escala em terceiro turno.<\/p>\n\n\n\n<p>Dia 14 de novembro, os Postos de Sa\u00fade da Fam\u00edlia do Sant\u00edssima Trindade e Vila Felipe ir\u00e3o realizar seu Dia D com a\u00e7\u00f5es de consultas m\u00e9dicas, testagem r\u00e1pida e atividades educativas sobre a sa\u00fade do homem, com agendamento. A marca\u00e7\u00e3o dos hor\u00e1rios de atendimento pode ser feita nas pr\u00f3prias unidades ou pelo telefone (24) 2248-8497.<\/p>\n\n\n\n<p>Dias 21 e 28 de novembro, a Unidade B\u00e1sica de Sa\u00fade da Posse far\u00e1 seu Dia D no atendimento \u00e0 popula\u00e7\u00e3o masculina. Dia 28 de novembro, a Unidade B\u00e1sica de Sa\u00fade do Morin tamb\u00e9m contar\u00e1 com um Dia D. Em ambos os dias e eventos ser\u00e3o disponibilizadas a\u00e7\u00f5es de consultas m\u00e9dicas, realiza\u00e7\u00e3o de exames, avalia\u00e7\u00f5es de nutri\u00e7\u00e3o, testagem r\u00e1pida e atividades educativas, entre 08h e 17h.<\/p>\n\n\n\n<p>Entre os dias 23 e 27 de novembro, o Centro de Sa\u00fade vai oferecer consultas exclusivas aos homens com nutricionistas entre 08h e 20h. Na mesma data, o p\u00fablico masculino vai contar com atendimentos de odontologia, entre 17h e 20h.<\/p>\n\n\n\n<p>Demais a\u00e7\u00f5es t\u00eam como objetivo esclarecer os cuidados espec\u00edficos da sa\u00fade masculina e incentivar os parceiros ao acompanhamento do pr\u00e9-natal das mulheres. Todas as unidades estar\u00e3o de portas abertas ao atendimento na cidade. O Minist\u00e9rio da Sa\u00fade pretende, este ano, sensibilizar os homens em rela\u00e7\u00e3o aos seus cuidados b\u00e1sicos, a\u00e7\u00f5es de autocuidado e cuidado integral. A estrat\u00e9gia adotada pela Secretaria Municipal de Sa\u00fade visa o esclarecimento de doen\u00e7as pertinentes aos homens e traz neste ano, al\u00e9m dos cuidados em rela\u00e7\u00e3o ao c\u00e2ncer de pr\u00f3stata, foco da campanha, outras in\u00fameras informa\u00e7\u00f5es relativas \u00e0 preven\u00e7\u00e3o do c\u00e2ncer de boca, em expressivo crescimento devido ao abuso de \u00e1lcool e tabagismo em todo o Estado.<\/p>\n","protected":false},"excerpt":{"rendered":"<p>A prefeitura informa que ter\u00e3o in\u00edcio as a\u00e7\u00f5es da Campanha Novembro Azul. Durante todo o<\/p>\n","protected":false},"author":2,"featured_media":4995,"comment_status":"open","ping_status":"open","sticky":false,"template":"","format":"standard","meta":{"footnotes":""},"categories":[12],"tags":[],"class_list":["post-4994","post","type-post","status-publish","format-standard","has-post-thumbnail","hentry","category-cidade"],"_links":{"self":[{"href":"https:\/\/tvc16.com\/portal\/wp-json\/wp\/v2\/posts\/4994","targetHints":{"allow":["GET"]}}],"collection":[{"href":"https:\/\/tvc16.com\/portal\/wp-json\/wp\/v2\/posts"}],"about":[{"href":"https:\/\/tvc16.com\/portal\/wp-json\/wp\/v2\/types\/post"}],"author":[{"embeddable":true,"href":"https:\/\/tvc16.com\/portal\/wp-json\/wp\/v2\/users\/2"}],"replies":[{"embeddable":true,"href":"https:\/\/tvc16.com\/portal\/wp-json\/wp\/v2\/comments?post=4994"}],"version-history":[{"count":1,"href":"https:\/\/tvc16.com\/portal\/wp-json\/wp\/v2\/posts\/4994\/revisions"}],"predecessor-version":[{"id":4996,"href":"https:\/\/tvc16.com\/portal\/wp-json\/wp\/v2\/posts\/4994\/revisions\/4996"}],"wp:featuredmedia":[{"embeddable":true,"href":"https:\/\/tvc16.com\/portal\/wp-json\/wp\/v2\/media\/4995"}],"wp:attachment":[{"href":"https:\/\/tvc16.com\/portal\/wp-json\/wp\/v2\/media?parent=4994"}],"wp:term":[{"taxonomy":"category","embeddable":true,"href":"https:\/\/tvc16.com\/portal\/wp-json\/wp\/v2\/categories?post=4994"},{"taxonomy":"post_tag","embeddable":true,"href":"https:\/\/tvc16.com\/portal\/wp-json\/wp\/v2\/tags?post=4994"}],"curies":[{"name":"wp","href":"https:\/\/api.w.org\/{rel}","templated":true}]}}