{"id":5004,"date":"2020-11-06T16:50:09","date_gmt":"2020-11-06T16:50:09","guid":{"rendered":"https:\/\/tvc16.com\/portal\/?p=5004"},"modified":"2020-11-06T16:50:09","modified_gmt":"2020-11-06T16:50:09","slug":"eleicoes-2020-tse-libera-realizacao-de-live-com-artista-para-arrecadar-recursos-para-campanha","status":"publish","type":"post","link":"https:\/\/tvc16.com\/portal\/2020\/11\/06\/eleicoes-2020-tse-libera-realizacao-de-live-com-artista-para-arrecadar-recursos-para-campanha\/","title":{"rendered":"ELEI\u00c7\u00d5ES 2020: TSE libera realiza\u00e7\u00e3o de \u2018live\u2019 com artista para arrecadar recursos para campanha"},"content":{"rendered":"\n<p>Os ministros destacaram, no entanto, que nesses eventos n\u00e3o pode haver pedido expresso de votos<\/p>\n\n\n\n<p>O Tribunal Superior Eleitoral <a href=\"https:\/\/www.tse.jus.br\/\">(TSE)<\/a> liberou a realiza\u00e7\u00e3o de show virtual com artista com o objetivo de arrecadar recursos para campanha. A determina\u00e7\u00e3o foi apresentada na sess\u00e3o desta quinta-feira (5). Os ministros ressaltaram, no entanto, que nesses eventos n\u00e3o pode haver pedido expresso de votos. A decis\u00e3o \u00e9 liminar, e os magistrados voltar\u00e3o a discutir se essas lives s\u00e3o ou n\u00e3o permitidas pela legisla\u00e7\u00e3o.<\/p>\n\n\n\n<p>A decis\u00e3o foi firmada em a\u00e7\u00e3o apresentada pela candidata \u00e0 prefeitura de Porto Alegre \u2013 RS, Manuela D\u2019\u00c1vila (PCdoB). Ela queria aval para evento em rede social neste s\u00e1bado (7), com a apresenta\u00e7\u00e3o do cantor Caetano Veloso.<\/p>\n\n\n\n<p><a href=\"https:\/\/brasil61.com\/noticias\/oferta-de-credito-aos-estados-devera-ser-votada-no-congresso-nacional-apos-o-primeiro-turno-bras202491\"><strong>Oferta de cr\u00e9dito aos estados dever\u00e1 ser votada no Congresso Nacional ap\u00f3s o primeiro turno<\/strong><\/a><\/p>\n\n\n\n<p><a href=\"https:\/\/brasil61.com\/noticias\/ministerio-da-defesa-aprova-pedido-do-tse-para-uso-de-forcas-armadas-nas-eleicoes-municipais-bras202487\"><strong>Minist\u00e9rio da Defesa aprova pedido do TSE para uso de for\u00e7as armadas nas Elei\u00e7\u00f5es Municipais<\/strong><\/a><\/p>\n\n\n\n<p>Por maioria de votos, os ministros consideraram que n\u00e3o cabe \u00e0 Justi\u00e7a Eleitoral realizar censura pr\u00e9via nem avaliar a legalidade de evento que ainda n\u00e3o ocorreu e que n\u00e3o \u00e9 vedado por lei. Para a conclus\u00e3o do entendimento, o plen\u00e1rio acompanhou o voto do relator da a\u00e7\u00e3o, ministro Luis Felipe Salom\u00e3o.<\/p>\n\n\n\n<p>O magistrado suspendeu a decis\u00e3o do Tribunal Regional Eleitoral do Rio Grande do Sul <a href=\"https:\/\/www.tre-rs.jus.br\/\">(TRE-RS)<\/a> no caso, que havia proibido a live por entender que ela se enquadrava em uma categoria virtual assemelhada a um \u201cshowm\u00edcio\u201d presencial, que \u00e9 vedado pela Lei das Elei\u00e7\u00f5es.<\/p>\n\n\n\n<p>Fonte: <a href=\"https:\/\/brasil61.com\/noticias\/eleicoes-2020-tse-libera-realizacao-de-live-com-artista-para-arrecadar-recursos-para-campanha-bras202502?email=bethdeoliveira@yahoo.com.br&amp;utm_source=newsletter&amp;utm_medium=newsletter&amp;utm_campaign=newsletter\" target=\"_blank\" rel=\"noreferrer noopener\">Brasil 61<\/a><\/p>\n","protected":false},"excerpt":{"rendered":"<p>Os ministros destacaram, no entanto, que nesses eventos n\u00e3o pode haver pedido expresso de votos<\/p>\n","protected":false},"author":2,"featured_media":5005,"comment_status":"open","ping_status":"open","sticky":false,"template":"","format":"standard","meta":{"footnotes":""},"categories":[15],"tags":[],"class_list":["post-5004","post","type-post","status-publish","format-standard","has-post-thumbnail","hentry","category-politica"],"_links":{"self":[{"href":"https:\/\/tvc16.com\/portal\/wp-json\/wp\/v2\/posts\/5004","targetHints":{"allow":["GET"]}}],"collection":[{"href":"https:\/\/tvc16.com\/portal\/wp-json\/wp\/v2\/posts"}],"about":[{"href":"https:\/\/tvc16.com\/portal\/wp-json\/wp\/v2\/types\/post"}],"author":[{"embeddable":true,"href":"https:\/\/tvc16.com\/portal\/wp-json\/wp\/v2\/users\/2"}],"replies":[{"embeddable":true,"href":"https:\/\/tvc16.com\/portal\/wp-json\/wp\/v2\/comments?post=5004"}],"version-history":[{"count":1,"href":"https:\/\/tvc16.com\/portal\/wp-json\/wp\/v2\/posts\/5004\/revisions"}],"predecessor-version":[{"id":5006,"href":"https:\/\/tvc16.com\/portal\/wp-json\/wp\/v2\/posts\/5004\/revisions\/5006"}],"wp:featuredmedia":[{"embeddable":true,"href":"https:\/\/tvc16.com\/portal\/wp-json\/wp\/v2\/media\/5005"}],"wp:attachment":[{"href":"https:\/\/tvc16.com\/portal\/wp-json\/wp\/v2\/media?parent=5004"}],"wp:term":[{"taxonomy":"category","embeddable":true,"href":"https:\/\/tvc16.com\/portal\/wp-json\/wp\/v2\/categories?post=5004"},{"taxonomy":"post_tag","embeddable":true,"href":"https:\/\/tvc16.com\/portal\/wp-json\/wp\/v2\/tags?post=5004"}],"curies":[{"name":"wp","href":"https:\/\/api.w.org\/{rel}","templated":true}]}}