{"id":50057,"date":"2022-12-23T14:06:14","date_gmt":"2022-12-23T17:06:14","guid":{"rendered":"https:\/\/tvc16.com\/portal\/?p=50057"},"modified":"2022-12-23T14:06:15","modified_gmt":"2022-12-23T17:06:15","slug":"governo-do-estado-do-rio-de-janeiro-prepara-cardapio-especial-para-o-restaurante-do-povo-no-fim-do-ano","status":"publish","type":"post","link":"https:\/\/tvc16.com\/portal\/2022\/12\/23\/governo-do-estado-do-rio-de-janeiro-prepara-cardapio-especial-para-o-restaurante-do-povo-no-fim-do-ano\/","title":{"rendered":"Governo do Estado do Rio de Janeiro prepara card\u00e1pio especial para o Restaurante do Povo no fim do ano"},"content":{"rendered":"\n<p>Nos dias 23 e 30 de dezembro, o Restaurante do Povo de Petr\u00f3polis, S\u00e3o Gon\u00e7alo, Duque de Caxias e Belford Roxo v\u00e3o servir um card\u00e1pio especial para a comemora\u00e7\u00e3o do Natal e Ano Novo. Nesta sexta-feira (23), a unidade localizada ao lado da Rodovi\u00e1ria do Centro de Petr\u00f3polis, preparou um card\u00e1pio especial a fila estava quilom\u00e9trica para aproveitar as gostosuras, na cidade imperial, o p\u00fablico p\u00f4de aproveitar uma sobrecoxa crocante com batata portuguesa e de sobremesa, o doce portugu\u00eas mais famoso durante o Natal, a rabanada.<\/p>\n\n\n\n<p>A aposentada Ivanir Raeder, costuma a frequentar o restaurante, e garante que al\u00e9m de uma \u00f3tima refei\u00e7\u00e3o o tratamento \u00e9 excelente. \u201cTodos o dia a comida \u00e0 R$ 1,00 \u00e9 maravilhosa. Espero que continue cada vez melhor, porque \u00e9 tudo muito bem feito, mesmo quando \u00e9 um prato mais simples \u00e9 tudo muito bem feito\u201d, disse.<\/p>\n\n\n\n<p>Para a operadora de caixa Patr\u00edcia Ferreira Mattos, o local \u00e9 de extrema import\u00e2ncia, principalmente para os consumidores n\u00e3o t\u00eam condi\u00e7\u00f5es de comprar as comidas t\u00edpicas das \u00e9pocas festivas. \u201cVale a pena ficar na fila seja com sol ou chuva para pegar uma quentinha! Porque ela \u00e9 muito gostosa\u201d, esclareceu.<\/p>\n\n\n\n<p>Juntando as 10 unidades, o Restaurante do Povo serve 21.750 refei\u00e7\u00f5es di\u00e1rias. O objetivo do restaurante \u00e9 ajudar a reduzir a fome e a inseguran\u00e7a alimentar e nutricional da popula\u00e7\u00e3o atrav\u00e9s do fornecimento de refei\u00e7\u00f5es saud\u00e1veis, balanceadas e originadas de processos seguros garantindo assim, o direito humano \u00e0 alimenta\u00e7\u00e3o adequada.<\/p>\n\n\n\n<p>A iniciativa \u00e9 do Governo do Estado do Rio de Janeiro, por meio da Secretaria de Desenvolvimento Social e Direitos Humanos, em parceria com as prefeituras dos munic\u00edpios. E n\u00e3o foi apenas para esta v\u00e9spera de Natal que o card\u00e1pio foi planejado. Em comemora\u00e7\u00e3o ao ano novo, as unidades tamb\u00e9m v\u00e3o receber o p\u00fablico com uma surpresa no menu.<\/p>\n\n\n\n<p>Em Petr\u00f3polis, no dia 30 de dezembro, quem optar por almo\u00e7ar no Restaurante do Povo, vai poder degustar um lombo assado ao vinho e farofa festiva. J\u00e1 para a sobremesa, ser\u00e1 o tradicional doce de ab\u00f3bora.<\/p>\n\n\n\n<p>O Governo do Estado segue investindo na amplia\u00e7\u00e3o dos restaurantes do povo. At\u00e9 2023 v\u00e3o ser 26 restaurantes operando em todo o estado. No primeiro semestre do pr\u00f3ximo ano, os restaurantes da Central do Brasil, Madureira e Barra Mansa, Regi\u00e3o Sul Fluminense, ser\u00e3o entregues. Tamb\u00e9m fazem parte do projeto de expans\u00e3o, M\u00e9ier, Manguinhos, Iraj\u00e1, Cidade de Deus, Rocinha, Santa Cruz, Complexo da Mar\u00e9, Complexo do Alem\u00e3o, Itabora\u00ed, Queimados, Nil\u00f3polis, S\u00e3o Jo\u00e3o de Meriti, Mag\u00e9, Nova Igua\u00e7u, Itaperuna e Maca\u00e9.<\/p>\n\n\n\n<p>Por Gabriel Faxola<\/p>\n","protected":false},"excerpt":{"rendered":"<p>Nos dias 23 e 30 de dezembro, o Restaurante do Povo de Petr\u00f3polis, S\u00e3o Gon\u00e7alo,<\/p>\n","protected":false},"author":2,"featured_media":50058,"comment_status":"open","ping_status":"open","sticky":false,"template":"","format":"standard","meta":{"footnotes":""},"categories":[12],"tags":[],"class_list":["post-50057","post","type-post","status-publish","format-standard","has-post-thumbnail","hentry","category-cidade"],"_links":{"self":[{"href":"https:\/\/tvc16.com\/portal\/wp-json\/wp\/v2\/posts\/50057","targetHints":{"allow":["GET"]}}],"collection":[{"href":"https:\/\/tvc16.com\/portal\/wp-json\/wp\/v2\/posts"}],"about":[{"href":"https:\/\/tvc16.com\/portal\/wp-json\/wp\/v2\/types\/post"}],"author":[{"embeddable":true,"href":"https:\/\/tvc16.com\/portal\/wp-json\/wp\/v2\/users\/2"}],"replies":[{"embeddable":true,"href":"https:\/\/tvc16.com\/portal\/wp-json\/wp\/v2\/comments?post=50057"}],"version-history":[{"count":1,"href":"https:\/\/tvc16.com\/portal\/wp-json\/wp\/v2\/posts\/50057\/revisions"}],"predecessor-version":[{"id":50059,"href":"https:\/\/tvc16.com\/portal\/wp-json\/wp\/v2\/posts\/50057\/revisions\/50059"}],"wp:featuredmedia":[{"embeddable":true,"href":"https:\/\/tvc16.com\/portal\/wp-json\/wp\/v2\/media\/50058"}],"wp:attachment":[{"href":"https:\/\/tvc16.com\/portal\/wp-json\/wp\/v2\/media?parent=50057"}],"wp:term":[{"taxonomy":"category","embeddable":true,"href":"https:\/\/tvc16.com\/portal\/wp-json\/wp\/v2\/categories?post=50057"},{"taxonomy":"post_tag","embeddable":true,"href":"https:\/\/tvc16.com\/portal\/wp-json\/wp\/v2\/tags?post=50057"}],"curies":[{"name":"wp","href":"https:\/\/api.w.org\/{rel}","templated":true}]}}