{"id":50060,"date":"2022-12-23T14:08:06","date_gmt":"2022-12-23T17:08:06","guid":{"rendered":"https:\/\/tvc16.com\/portal\/?p=50060"},"modified":"2022-12-23T14:08:07","modified_gmt":"2022-12-23T17:08:07","slug":"aprovados-no-concurso-publico-da-educacao-comecam-a-ser-convocados","status":"publish","type":"post","link":"https:\/\/tvc16.com\/portal\/2022\/12\/23\/aprovados-no-concurso-publico-da-educacao-comecam-a-ser-convocados\/","title":{"rendered":"Aprovados no concurso p\u00fablico da Educa\u00e7\u00e3o come\u00e7am a ser convocados"},"content":{"rendered":"\n<p>Os novos professores da Educa\u00e7\u00e3o Infantil e s\u00e9ries iniciais do Ensino Fundamental da primeira turma de convocados no concurso Educa\u00e7\u00e3o realizaram essa semana os exames admissionais. Ao todo, j\u00e1 foram convocados 506 candidatos aprovados no concurso p\u00fablico promovido pela Prefeitura.<\/p>\n\n\n\n<p>\u201cQueremos come\u00e7ar o ano letivo de 2023 com os professores dentro da sala de aula. Em 2022, tivemos muitos desafios na Educa\u00e7\u00e3o, mas foi com muita responsabilidade, uni\u00e3o e comprometimento que conseguimos avan\u00e7ar em pautas importantes. Para 2023, vamos avan\u00e7ar ainda mais e desenvolver projetos que v\u00e3o qualificar ainda mais o ensino p\u00fablico da nossa cidade\u201d, disse o prefeito Rubens Bomtempo.<\/p>\n\n\n\n<p>Ao todo foram abertas 877 vagas &#8211; sendo 352 para cargos de n\u00edvel m\u00e9dio (educador de Educa\u00e7\u00e3o Infantil e secret\u00e1rio escolar) e 525 para os de n\u00edvel superior (professores). Do total de vagas, 220 foram destinadas a pessoas com defici\u00eancia, negros e ind\u00edgenas.<\/p>\n","protected":false},"excerpt":{"rendered":"<p>Os novos professores da Educa\u00e7\u00e3o Infantil e s\u00e9ries iniciais do Ensino Fundamental da primeira turma<\/p>\n","protected":false},"author":2,"featured_media":39721,"comment_status":"open","ping_status":"open","sticky":false,"template":"","format":"standard","meta":{"footnotes":""},"categories":[12],"tags":[],"class_list":["post-50060","post","type-post","status-publish","format-standard","has-post-thumbnail","hentry","category-cidade"],"_links":{"self":[{"href":"https:\/\/tvc16.com\/portal\/wp-json\/wp\/v2\/posts\/50060","targetHints":{"allow":["GET"]}}],"collection":[{"href":"https:\/\/tvc16.com\/portal\/wp-json\/wp\/v2\/posts"}],"about":[{"href":"https:\/\/tvc16.com\/portal\/wp-json\/wp\/v2\/types\/post"}],"author":[{"embeddable":true,"href":"https:\/\/tvc16.com\/portal\/wp-json\/wp\/v2\/users\/2"}],"replies":[{"embeddable":true,"href":"https:\/\/tvc16.com\/portal\/wp-json\/wp\/v2\/comments?post=50060"}],"version-history":[{"count":1,"href":"https:\/\/tvc16.com\/portal\/wp-json\/wp\/v2\/posts\/50060\/revisions"}],"predecessor-version":[{"id":50061,"href":"https:\/\/tvc16.com\/portal\/wp-json\/wp\/v2\/posts\/50060\/revisions\/50061"}],"wp:featuredmedia":[{"embeddable":true,"href":"https:\/\/tvc16.com\/portal\/wp-json\/wp\/v2\/media\/39721"}],"wp:attachment":[{"href":"https:\/\/tvc16.com\/portal\/wp-json\/wp\/v2\/media?parent=50060"}],"wp:term":[{"taxonomy":"category","embeddable":true,"href":"https:\/\/tvc16.com\/portal\/wp-json\/wp\/v2\/categories?post=50060"},{"taxonomy":"post_tag","embeddable":true,"href":"https:\/\/tvc16.com\/portal\/wp-json\/wp\/v2\/tags?post=50060"}],"curies":[{"name":"wp","href":"https:\/\/api.w.org\/{rel}","templated":true}]}}