{"id":50065,"date":"2022-12-23T14:21:26","date_gmt":"2022-12-23T17:21:26","guid":{"rendered":"https:\/\/tvc16.com\/portal\/?p=50065"},"modified":"2022-12-23T14:21:26","modified_gmt":"2022-12-23T17:21:26","slug":"fila-para-emissao-do-passaporte-passa-de-108-mil-pessoas","status":"publish","type":"post","link":"https:\/\/tvc16.com\/portal\/2022\/12\/23\/fila-para-emissao-do-passaporte-passa-de-108-mil-pessoas\/","title":{"rendered":"Fila para emiss\u00e3o do passaporte passa de 108 mil pessoas"},"content":{"rendered":"\n<h3 class=\"wp-block-heading\">Agendamento online e atendimento em postos da PF continuam<\/h3>\n\n\n\n<h4 class=\"wp-block-heading\">Por Andreia Verd\u00e9lio \u2013 Rep\u00f3rter da Ag\u00eancia Brasil &#8211; Bras\u00edlia<audio src=\"https:\/\/tts-app.ebc.com.br\/media\/tts\/195652.mp3\"><\/h4>\n\n\n\n<p>A Pol\u00edcia Federal (PF) informou que 108.701 pessoas aguardam para receber o passaporte. A confec\u00e7\u00e3o de novas cadernetas est\u00e1 suspensa desde o dia 1\u00ba de dezembro por falta de verba e n\u00e3o h\u00e1 previs\u00e3o de retomada. O balan\u00e7o corresponde \u00e0s solicita\u00e7\u00f5es realizadas at\u00e9&nbsp;ontem&nbsp;(22).<\/p>\n\n\n\n<p>Mesmo sem recursos para emiss\u00e3o do documento de viagem, o&nbsp;<a href=\"https:\/\/www.gov.br\/pt-br\/servicos\/obter-passaporte-comum-para-brasileiro\" target=\"_blank\" rel=\"noreferrer noopener\">agendamento&nbsp;<\/a><em><a href=\"https:\/\/www.gov.br\/pt-br\/servicos\/obter-passaporte-comum-para-brasileiro\" target=\"_blank\" rel=\"noreferrer noopener\">online<\/a>&nbsp;<\/em>do servi\u00e7o e o atendimento nos postos da PF continuam funcionando normalmente.<img decoding=\"async\" src=\"https:\/\/agenciabrasil.ebc.com.br\/ebc.png?id=1499703&amp;o=node\"><img decoding=\"async\" src=\"https:\/\/agenciabrasil.ebc.com.br\/ebc.gif?id=1499703&amp;o=node\"><\/p>\n\n\n\n<p>Em&nbsp;19 de novembro, a PF&nbsp;<a href=\"https:\/\/agenciabrasil.ebc.com.br\/geral\/noticia\/2022-11\/pf-vai-suspender-emissao-de-novos-passaportes-por-falta-de-verba\" target=\"_blank\" rel=\"noreferrer noopener\">suspendeu<\/a>&nbsp;a produ\u00e7\u00e3o dos documentos por falta de recursos. Na semana seguinte, o governo federal&nbsp;<a href=\"https:\/\/agenciabrasil.ebc.com.br\/economia\/noticia\/2022-11\/governo-remaneja-r-5876-milhoes-para-passaportes-e-carros-pipa\" target=\"_blank\" rel=\"noreferrer noopener\">remanejou R$ 37,36 milh\u00f5es para a reativa\u00e7\u00e3o do servi\u00e7o<\/a>.<\/p>\n\n\n\n<p>Os recursos vieram do Fundo Nacional de Desenvolvimento Cient\u00edfico e Tecnol\u00f3gico e foram suficientes para produzir os passaportes solicitados entre 19 e&nbsp;30 de novembro. Mas o servi\u00e7o voltou a ser suspenso em 1\u00ba de dezembro.<\/p>\n\n\n\n<p>A PF aguarda a san\u00e7\u00e3o presidencial de um projeto de lei, aprovado pelo Congresso Nacional no \u00faltimo dia&nbsp;15 de dezembro, que libera cr\u00e9dito suplementar de R$ 596,2 milh\u00f5es para diversos \u00f3rg\u00e3os do Executivo, incluindo para a confec\u00e7\u00e3o dos passaportes.<\/p>\n\n\n\n<p>O passaporte \u00e9 um documento que identifica o viajante em outros pa\u00edses. Nele s\u00e3o registradas entradas e sa\u00eddas, vistos e autoriza\u00e7\u00f5es. Al\u00e9m do passaporte comum, tamb\u00e9m s\u00e3o emitidos pela PF passaporte de emerg\u00eancia, para Estrangeiro e&nbsp;<em>Laissez-Passer<\/em>&nbsp;(documento de viagem concedido ao estrangeiro portador de documento de viagem n\u00e3o reconhecido pelo governo brasileiro ou que n\u00e3o seja v\u00e1lido para o Brasil).<\/p>\n\n\n\n<p>Para emitir um passaporte, \u00e9 preciso pagar uma taxa de R$ 257,25. No caso do documento de emerg\u00eancia, a taxa sobe para R$ 334,42.<\/p>\n\n\n\n<p>Edi\u00e7\u00e3o: N\u00e1dia Franco<\/p>\n","protected":false},"excerpt":{"rendered":"<p>Agendamento online e atendimento em postos da PF continuam Por Andreia Verd\u00e9lio \u2013 Rep\u00f3rter da<\/p>\n","protected":false},"author":2,"featured_media":50066,"comment_status":"open","ping_status":"open","sticky":false,"template":"","format":"standard","meta":{"footnotes":""},"categories":[17],"tags":[],"class_list":["post-50065","post","type-post","status-publish","format-standard","has-post-thumbnail","hentry","category-outras-noticias"],"_links":{"self":[{"href":"https:\/\/tvc16.com\/portal\/wp-json\/wp\/v2\/posts\/50065","targetHints":{"allow":["GET"]}}],"collection":[{"href":"https:\/\/tvc16.com\/portal\/wp-json\/wp\/v2\/posts"}],"about":[{"href":"https:\/\/tvc16.com\/portal\/wp-json\/wp\/v2\/types\/post"}],"author":[{"embeddable":true,"href":"https:\/\/tvc16.com\/portal\/wp-json\/wp\/v2\/users\/2"}],"replies":[{"embeddable":true,"href":"https:\/\/tvc16.com\/portal\/wp-json\/wp\/v2\/comments?post=50065"}],"version-history":[{"count":1,"href":"https:\/\/tvc16.com\/portal\/wp-json\/wp\/v2\/posts\/50065\/revisions"}],"predecessor-version":[{"id":50067,"href":"https:\/\/tvc16.com\/portal\/wp-json\/wp\/v2\/posts\/50065\/revisions\/50067"}],"wp:featuredmedia":[{"embeddable":true,"href":"https:\/\/tvc16.com\/portal\/wp-json\/wp\/v2\/media\/50066"}],"wp:attachment":[{"href":"https:\/\/tvc16.com\/portal\/wp-json\/wp\/v2\/media?parent=50065"}],"wp:term":[{"taxonomy":"category","embeddable":true,"href":"https:\/\/tvc16.com\/portal\/wp-json\/wp\/v2\/categories?post=50065"},{"taxonomy":"post_tag","embeddable":true,"href":"https:\/\/tvc16.com\/portal\/wp-json\/wp\/v2\/tags?post=50065"}],"curies":[{"name":"wp","href":"https:\/\/api.w.org\/{rel}","templated":true}]}}