{"id":50068,"date":"2022-12-23T14:23:37","date_gmt":"2022-12-23T17:23:37","guid":{"rendered":"https:\/\/tvc16.com\/portal\/?p=50068"},"modified":"2022-12-23T14:23:38","modified_gmt":"2022-12-23T17:23:38","slug":"anvisa-libera-a-venda-do-lagevrio-para-tratamento-da-covid-19","status":"publish","type":"post","link":"https:\/\/tvc16.com\/portal\/2022\/12\/23\/anvisa-libera-a-venda-do-lagevrio-para-tratamento-da-covid-19\/","title":{"rendered":"Anvisa libera a venda do Lagevrio para tratamento da covid-19"},"content":{"rendered":"\n<h3 class=\"wp-block-heading\">Bula do medicamento em portugu\u00eas est\u00e1 dispon\u00edvel no site MSD Brasil<\/h3>\n\n\n\n<h4 class=\"wp-block-heading\">Por Karine Melo &#8211; Rep\u00f3rter da Ag\u00eancia Brasil &#8211; Bras\u00edlia<audio src=\"https:\/\/tts-app.ebc.com.br\/media\/tts\/195625.mp3\"><\/h4>\n\n\n\n<p>A venda do medicamento Lagevrio (molnupiravir), utilizado no tratamento da covid-19, para farm\u00e1cias e hospitais particulares do pa\u00eds foi aprovada por unanimidade pela Ag\u00eancia Nacional de Vigil\u00e2ncia Sanit\u00e1ria (Anvisa). A decis\u00e3o, tomada nessa quinta-feira (22), autoriza o fornecimento do medicamento para o mercado privado, com a rotulagem em ingl\u00eas, por\u00e9m com entrega da&nbsp;bula e folheto informativo aos pacientes abordando as informa\u00e7\u00f5es referentes \u00e0 gravidez e lacta\u00e7\u00e3o, em portugu\u00eas.<img decoding=\"async\" src=\"https:\/\/agenciabrasil.ebc.com.br\/ebc.png?id=1499651&amp;o=node\"><img decoding=\"async\" src=\"https:\/\/agenciabrasil.ebc.com.br\/ebc.gif?id=1499651&amp;o=node\"><\/p>\n\n\n\n<p>A bula em portugu\u00eas tamb\u00e9m estar\u00e1 dispon\u00edvel nos<em>&nbsp;<\/em><em>sites<\/em>&nbsp;institucional da MSD Brasil e no global, tamb\u00e9m ser\u00e1 poss\u00edvel escanear o c\u00f3digo QR no r\u00f3tulo do produto que direcionar\u00e1 para o&nbsp;<em>site<\/em>&nbsp;global da empresa com acesso \u00e0s bulas.<\/p>\n\n\n\n<p>A venda em farm\u00e1cias deve ser realizada, sob reten\u00e7\u00e3o de receita m\u00e9dica e uma via da Receita de Controle Especial deve ficar retida no estabelecimento, com dispensa e orienta\u00e7\u00e3o pelo farmac\u00eautico ao paciente sobre o uso correto do medicamento.&nbsp;<\/p>\n\n\n\n<p>\u201cA aprova\u00e7\u00e3o levou em considera\u00e7\u00e3o a venda do medicamento&nbsp;ao mercado privado em outros pa\u00edses com autoridades internacionais de refer\u00eancia, como Estados Unidos, Jap\u00e3o e Reino Unido. A medida tamb\u00e9m considerou o cen\u00e1rio epidemiol\u00f3gico atual, com a circula\u00e7\u00e3o das novas subvariantes da \u00d4micron e o aumento de casos da doen\u00e7a no pa\u00eds\u201d, justificou a Anvisa em nota.<\/p>\n\n\n\n<p>Segundo a diretora relatora, Meiruze Freitas, a venda no mercado privado ir\u00e1 aumentar a facilidade de acesso ao tratamento da covid-19, visto que o medicamento deve ser tomado dentro de cinco dias ap\u00f3s o in\u00edcio dos sintomas. \u201cPara ajudar a prevenir a progress\u00e3o da doen\u00e7a, interna\u00e7\u00f5es hospitalares e mortes, os medicamentos antivirais para infec\u00e7\u00f5es respirat\u00f3rias agudas devem&nbsp;ser usados o mais cedo poss\u00edvel ap\u00f3s o correto diagn\u00f3stico da infec\u00e7\u00e3o\u201d, afirmou a diretora. Ela reiterou que o tratamento n\u00e3o substitui a vacina\u00e7\u00e3o.<\/p>\n\n\n\n<p>\u201cReafirmo e enfatizo que os&nbsp;benef\u00edcios esmagadores da vacina\u00e7\u00e3o na prote\u00e7\u00e3o contra as formas graves e \u00f3bitos ocasionados pela covid-19, superam em muito o risco das raras rea\u00e7\u00f5es adversas relacionadas as vacinas aprovadas pela Anvisa\u201d, acrescentou Meiruze Freitas.<\/p>\n\n\n\n<p>Edi\u00e7\u00e3o: Val\u00e9ria Aguiar<\/p>\n","protected":false},"excerpt":{"rendered":"<p>Bula do medicamento em portugu\u00eas est\u00e1 dispon\u00edvel no site MSD Brasil Por Karine Melo &#8211;<\/p>\n","protected":false},"author":2,"featured_media":50069,"comment_status":"open","ping_status":"open","sticky":false,"template":"","format":"standard","meta":{"footnotes":""},"categories":[17],"tags":[],"class_list":["post-50068","post","type-post","status-publish","format-standard","has-post-thumbnail","hentry","category-outras-noticias"],"_links":{"self":[{"href":"https:\/\/tvc16.com\/portal\/wp-json\/wp\/v2\/posts\/50068","targetHints":{"allow":["GET"]}}],"collection":[{"href":"https:\/\/tvc16.com\/portal\/wp-json\/wp\/v2\/posts"}],"about":[{"href":"https:\/\/tvc16.com\/portal\/wp-json\/wp\/v2\/types\/post"}],"author":[{"embeddable":true,"href":"https:\/\/tvc16.com\/portal\/wp-json\/wp\/v2\/users\/2"}],"replies":[{"embeddable":true,"href":"https:\/\/tvc16.com\/portal\/wp-json\/wp\/v2\/comments?post=50068"}],"version-history":[{"count":1,"href":"https:\/\/tvc16.com\/portal\/wp-json\/wp\/v2\/posts\/50068\/revisions"}],"predecessor-version":[{"id":50070,"href":"https:\/\/tvc16.com\/portal\/wp-json\/wp\/v2\/posts\/50068\/revisions\/50070"}],"wp:featuredmedia":[{"embeddable":true,"href":"https:\/\/tvc16.com\/portal\/wp-json\/wp\/v2\/media\/50069"}],"wp:attachment":[{"href":"https:\/\/tvc16.com\/portal\/wp-json\/wp\/v2\/media?parent=50068"}],"wp:term":[{"taxonomy":"category","embeddable":true,"href":"https:\/\/tvc16.com\/portal\/wp-json\/wp\/v2\/categories?post=50068"},{"taxonomy":"post_tag","embeddable":true,"href":"https:\/\/tvc16.com\/portal\/wp-json\/wp\/v2\/tags?post=50068"}],"curies":[{"name":"wp","href":"https:\/\/api.w.org\/{rel}","templated":true}]}}