{"id":5007,"date":"2020-11-06T16:52:36","date_gmt":"2020-11-06T16:52:36","guid":{"rendered":"https:\/\/tvc16.com\/portal\/?p=5007"},"modified":"2020-11-06T16:52:36","modified_gmt":"2020-11-06T16:52:36","slug":"bc-lanca-pagina-de-esclarecimentos-sobre-a-lei-geral-de-protecao-de-dados","status":"publish","type":"post","link":"https:\/\/tvc16.com\/portal\/2020\/11\/06\/bc-lanca-pagina-de-esclarecimentos-sobre-a-lei-geral-de-protecao-de-dados\/","title":{"rendered":"BC lan\u00e7a p\u00e1gina de esclarecimentos sobre a Lei Geral de Prote\u00e7\u00e3o de Dados"},"content":{"rendered":"\n<p>Iniciativa \u00e9 voltada para pessoas f\u00edsicas e jur\u00eddicas que buscam informa\u00e7\u00f5es a respeito do tratamento de dados<\/p>\n\n\n\n<p>Para sanar as principais d\u00favidas, o &nbsp;Banco Central lan\u00e7ou uma p\u00e1gina para ajudar a entender melhor a Lei Geral de Prote\u00e7\u00e3o de Dados (LGPD). &nbsp;J\u00e1 em vigor, ela afeta diferentes setores e servi\u00e7os e a todos os brasileiros, de compras on-line a redes sociais, de bancos a \u00f3rg\u00e3os p\u00fablicos e da publicidade \u00e0 tecnologia.<\/p>\n\n\n\n<p>O conte\u00fado da p\u00e1gina contempla as d\u00favidas mais frequentes dos cidad\u00e3os, especialmente sobre o tratamento de dados pessoais realizados pelo BC, e ser\u00e1 atualizado frequentemente.<\/p>\n\n\n\n<p><strong><a href=\"https:\/\/brasil61.com\/noticias\/lgpd-entra-em-vigor-e-empresas-devem-seguir-normas-previstas-na-legislacao-saiba-quais-mudancas-companhias-terao-que-promover-bras202072\">Nova Lei Geral de Prote\u00e7\u00e3o de Dados imp\u00f5e novas normas \u00e0s empresas<\/a><\/strong><\/p>\n\n\n\n<p><a href=\"https:\/\/brasil61.com\/noticias\/municipios-estados-e-uniao-terao-de-se-adequar-a-lgpd-bras202277\"><strong>Munic\u00edpios, Estados e Uni\u00e3o ter\u00e3o de se adequar \u00e0 LGPD<\/strong><\/a><\/p>\n\n\n\n<p>As informa\u00e7\u00f5es t\u00eam pareceres jur\u00eddicos e contam com respostas aos questionamentos registrados nos canais de atendimento, reclama\u00e7\u00f5es dos cidad\u00e3os sobre o assunto e informa\u00e7\u00f5es sobre as novas a\u00e7\u00f5es implementadas pelo BC ao longo do tempo, em rela\u00e7\u00e3o \u00e0 LGPD.<\/p>\n\n\n\n<p>Fonte: <a href=\"https:\/\/brasil61.com\/noticias\/bc-lanca-pagina-de-esclarecimentos-sobre-a-lei-geral-de-protecao-de-dados-bras202497?email=bethdeoliveira@yahoo.com.br&amp;utm_source=newsletter&amp;utm_medium=newsletter&amp;utm_campaign=newsletter\" target=\"_blank\" rel=\"noreferrer noopener\">Brasil 61<\/a><\/p>\n","protected":false},"excerpt":{"rendered":"<p>Iniciativa \u00e9 voltada para pessoas f\u00edsicas e jur\u00eddicas que buscam informa\u00e7\u00f5es a respeito do tratamento<\/p>\n","protected":false},"author":2,"featured_media":5008,"comment_status":"open","ping_status":"open","sticky":false,"template":"","format":"standard","meta":{"footnotes":""},"categories":[16],"tags":[],"class_list":["post-5007","post","type-post","status-publish","format-standard","has-post-thumbnail","hentry","category-colunistas"],"_links":{"self":[{"href":"https:\/\/tvc16.com\/portal\/wp-json\/wp\/v2\/posts\/5007","targetHints":{"allow":["GET"]}}],"collection":[{"href":"https:\/\/tvc16.com\/portal\/wp-json\/wp\/v2\/posts"}],"about":[{"href":"https:\/\/tvc16.com\/portal\/wp-json\/wp\/v2\/types\/post"}],"author":[{"embeddable":true,"href":"https:\/\/tvc16.com\/portal\/wp-json\/wp\/v2\/users\/2"}],"replies":[{"embeddable":true,"href":"https:\/\/tvc16.com\/portal\/wp-json\/wp\/v2\/comments?post=5007"}],"version-history":[{"count":1,"href":"https:\/\/tvc16.com\/portal\/wp-json\/wp\/v2\/posts\/5007\/revisions"}],"predecessor-version":[{"id":5009,"href":"https:\/\/tvc16.com\/portal\/wp-json\/wp\/v2\/posts\/5007\/revisions\/5009"}],"wp:featuredmedia":[{"embeddable":true,"href":"https:\/\/tvc16.com\/portal\/wp-json\/wp\/v2\/media\/5008"}],"wp:attachment":[{"href":"https:\/\/tvc16.com\/portal\/wp-json\/wp\/v2\/media?parent=5007"}],"wp:term":[{"taxonomy":"category","embeddable":true,"href":"https:\/\/tvc16.com\/portal\/wp-json\/wp\/v2\/categories?post=5007"},{"taxonomy":"post_tag","embeddable":true,"href":"https:\/\/tvc16.com\/portal\/wp-json\/wp\/v2\/tags?post=5007"}],"curies":[{"name":"wp","href":"https:\/\/api.w.org\/{rel}","templated":true}]}}