{"id":50083,"date":"2022-12-24T07:50:00","date_gmt":"2022-12-24T10:50:00","guid":{"rendered":"https:\/\/tvc16.com\/portal\/?p=50083"},"modified":"2022-12-23T20:06:02","modified_gmt":"2022-12-23T23:06:02","slug":"saiba-os-horarios-de-funcionamento-dos-parques-de-petropolis","status":"publish","type":"post","link":"https:\/\/tvc16.com\/portal\/2022\/12\/24\/saiba-os-horarios-de-funcionamento-dos-parques-de-petropolis\/","title":{"rendered":"Saiba os hor\u00e1rios de funcionamento dos Parques de Petr\u00f3polis"},"content":{"rendered":"\n<p>Prefeitura de Petr\u00f3polis divulga altera\u00e7\u00e3o nos hor\u00e1rios de funcionamento dos Parques: Cremerie, no Quitandinha e Prefeito Paulo Rattes, em Itaipava:<\/p>\n\n\n\n<p>Parque Cremerie<\/p>\n\n\n\n<p>Rua Lu\u00eds de Cam\u00f5es \u2013 Estrada da Independ\u00eancia. S\/n\u00ba<\/p>\n\n\n\n<p>Visita\u00e7\u00e3o:<\/p>\n\n\n\n<p>24 de dezembro \u2013 das 8h \u00e0s 14h<\/p>\n\n\n\n<p>25 de dezembro &#8211; Fechado<\/p>\n\n\n\n<p>26 de dezembro &#8211; Fechado<\/p>\n\n\n\n<p>30 de dezembro &#8211; das 8h \u00e0s 16h<\/p>\n\n\n\n<p>31 de dezembro \u2013 das 8h \u00e0s 14h<\/p>\n\n\n\n<p>01 de janeiro &#8211; Fechado<\/p>\n\n\n\n<p>02 de janeiro (segunda-feira) &#8211; Fechado<\/p>\n\n\n\n<p>Entrada franca<\/p>\n\n\n\n<figure class=\"wp-block-image size-full\"><img loading=\"lazy\" decoding=\"async\" width=\"1024\" height=\"575\" src=\"https:\/\/tvc16.com\/portal\/wp-content\/uploads\/2022\/12\/parque-itaipava.jpg\" alt=\"\" class=\"wp-image-50085\" srcset=\"https:\/\/tvc16.com\/portal\/wp-content\/uploads\/2022\/12\/parque-itaipava.jpg 1024w, https:\/\/tvc16.com\/portal\/wp-content\/uploads\/2022\/12\/parque-itaipava-300x168.jpg 300w, https:\/\/tvc16.com\/portal\/wp-content\/uploads\/2022\/12\/parque-itaipava-768x431.jpg 768w\" sizes=\"auto, (max-width: 1024px) 100vw, 1024px\" \/><\/figure>\n\n\n\n<p>Parque Municipal Prefeito Paulo Rattes<\/p>\n\n\n\n<p>Estrada Uni\u00e3o e Ind\u00fastria, 10.000 \u2013 Itaipava<\/p>\n\n\n\n<p>Visita\u00e7\u00e3o:<\/p>\n\n\n\n<p>24 de dezembro \u2013 das 7h \u00e0s 12h<\/p>\n\n\n\n<p>25 de dezembro &#8211; Fechado<\/p>\n\n\n\n<p>26 de dezembro &#8211; das 7h \u00e0s 18h<\/p>\n\n\n\n<p>31 de dezembro \u2013 das 7h \u00e0s 12h<\/p>\n\n\n\n<p>01 de janeiro &#8211; Fechado<\/p>\n\n\n\n<p>02 de janeiro (segunda-feira) das 7h \u00e0s 18h<\/p>\n\n\n\n<p>Entrada Franca<\/p>\n","protected":false},"excerpt":{"rendered":"<p>Prefeitura de Petr\u00f3polis divulga altera\u00e7\u00e3o nos hor\u00e1rios de funcionamento dos Parques: Cremerie, no Quitandinha e<\/p>\n","protected":false},"author":2,"featured_media":50084,"comment_status":"open","ping_status":"open","sticky":false,"template":"","format":"standard","meta":{"footnotes":""},"categories":[12,21,264],"tags":[],"class_list":["post-50083","post","type-post","status-publish","format-standard","has-post-thumbnail","hentry","category-cidade","category-cultura","category-destaque"],"_links":{"self":[{"href":"https:\/\/tvc16.com\/portal\/wp-json\/wp\/v2\/posts\/50083","targetHints":{"allow":["GET"]}}],"collection":[{"href":"https:\/\/tvc16.com\/portal\/wp-json\/wp\/v2\/posts"}],"about":[{"href":"https:\/\/tvc16.com\/portal\/wp-json\/wp\/v2\/types\/post"}],"author":[{"embeddable":true,"href":"https:\/\/tvc16.com\/portal\/wp-json\/wp\/v2\/users\/2"}],"replies":[{"embeddable":true,"href":"https:\/\/tvc16.com\/portal\/wp-json\/wp\/v2\/comments?post=50083"}],"version-history":[{"count":1,"href":"https:\/\/tvc16.com\/portal\/wp-json\/wp\/v2\/posts\/50083\/revisions"}],"predecessor-version":[{"id":50086,"href":"https:\/\/tvc16.com\/portal\/wp-json\/wp\/v2\/posts\/50083\/revisions\/50086"}],"wp:featuredmedia":[{"embeddable":true,"href":"https:\/\/tvc16.com\/portal\/wp-json\/wp\/v2\/media\/50084"}],"wp:attachment":[{"href":"https:\/\/tvc16.com\/portal\/wp-json\/wp\/v2\/media?parent=50083"}],"wp:term":[{"taxonomy":"category","embeddable":true,"href":"https:\/\/tvc16.com\/portal\/wp-json\/wp\/v2\/categories?post=50083"},{"taxonomy":"post_tag","embeddable":true,"href":"https:\/\/tvc16.com\/portal\/wp-json\/wp\/v2\/tags?post=50083"}],"curies":[{"name":"wp","href":"https:\/\/api.w.org\/{rel}","templated":true}]}}