{"id":50091,"date":"2022-12-24T11:00:00","date_gmt":"2022-12-24T14:00:00","guid":{"rendered":"https:\/\/tvc16.com\/portal\/?p=50091"},"modified":"2022-12-23T20:43:33","modified_gmt":"2022-12-23T23:43:33","slug":"primeira-residencia-terapeutica-e-inaugurada-em-nova-friburgo","status":"publish","type":"post","link":"https:\/\/tvc16.com\/portal\/2022\/12\/24\/primeira-residencia-terapeutica-e-inaugurada-em-nova-friburgo\/","title":{"rendered":"Primeira resid\u00eancia terap\u00eautica \u00e9 inaugurada em Nova Friburgo"},"content":{"rendered":"\n<p>A Prefeitura inaugurou na manh\u00e3 desta sexta-feira, 23 de dezembro, a primeira Resid\u00eancia Terap\u00eautica da hist\u00f3ria de Nova Friburgo.  A partir de segunda-feira, 26,\u00a0acontecer\u00e1 a mudan\u00e7a gradual de sete internos Cl\u00ednica da Santa L\u00facia, de modo que eles se adaptem ao novo local. At\u00e9 o momento, 40 pessoas de Nova Friburgo e outros munic\u00edpios que estavam internadas no Santa L\u00facia\u00a0j\u00e1 foram desinstitucionalizadas. Restando 78 acolhidos.<\/p>\n\n\n\n<p>O servi\u00e7o de resid\u00eancia terapeutica oferece assist\u00eancia em sa\u00fade 24 horas por dia, de profissionais da sa\u00fade&nbsp;como t\u00e9cnicos de sa\u00fade e acompanhantes terap\u00eauticos. Al\u00e9m disso, tamb\u00e9m acontece a rotina comum de uma casa, como alimenta\u00e7\u00e3o, higiene pessoal e um espa\u00e7o confort\u00e1vel para dormir.<\/p>\n\n\n\n<figure class=\"wp-block-image size-large\"><img loading=\"lazy\" decoding=\"async\" width=\"1024\" height=\"577\" src=\"https:\/\/tvc16.com\/portal\/wp-content\/uploads\/2022\/12\/whatsapp-image-2022-12-23-at-105816-1024x577.jpeg\" alt=\"\" class=\"wp-image-50093\" srcset=\"https:\/\/tvc16.com\/portal\/wp-content\/uploads\/2022\/12\/whatsapp-image-2022-12-23-at-105816-1024x577.jpeg 1024w, https:\/\/tvc16.com\/portal\/wp-content\/uploads\/2022\/12\/whatsapp-image-2022-12-23-at-105816-300x169.jpeg 300w, https:\/\/tvc16.com\/portal\/wp-content\/uploads\/2022\/12\/whatsapp-image-2022-12-23-at-105816-768x433.jpeg 768w, https:\/\/tvc16.com\/portal\/wp-content\/uploads\/2022\/12\/whatsapp-image-2022-12-23-at-105816-1536x866.jpeg 1536w, https:\/\/tvc16.com\/portal\/wp-content\/uploads\/2022\/12\/whatsapp-image-2022-12-23-at-105816.jpeg 1600w\" sizes=\"auto, (max-width: 1024px) 100vw, 1024px\" \/><\/figure>\n\n\n\n<p>Essas casas s\u00e3o localizadas em espa\u00e7os urbanos, promovendo a integra\u00e7\u00e3o em comunidade por esses pacientes que um dia estiveram institucionalizados, como \u00e9 o caso dos internos da Cl\u00ednica que n\u00e3o possuem fam\u00edlia ou n\u00e3o est\u00e3o em plenas condi\u00e7\u00f5es para o retorno para casa. A resid\u00eancia abriga at\u00e9 sete pessoas, possuindo espa\u00e7os comuns para o conv\u00edvio, como sala, cozinha, banheiro, quartos e jardim. Durante a estadia, as pessoas ter\u00e3o acesso a viv\u00eancia em sociedade, tendo plena liberdade e direito de ir e vir, como preconiza a pol\u00edtica de desinstitucionaliza\u00e7\u00e3o.<\/p>\n\n\n\n<p>Os novos moradores est\u00e3o inclu\u00eddos na rede de aten\u00e7\u00e3o psicossocial para que possam ser acompanhados em suas necessidades. Cada um deles participa do Programa \u201cDe Volta Para Casa\u201d que \u00e9 um auxilio financeiro para&nbsp; a nova vida. Portanto, os beneficiados ter\u00e3o aux\u00edlio de um contador credenciado e habilitado pelo Minist\u00e9rio Publico que acompanhar\u00e1 os gastos. Desta forma, poder\u00e3o usufruir do direito de comprar seus pr\u00f3prios pertences, produtos de higiene e lazer, edificando a autonomia fundamental para uma vida humanizada e mais realizada.<\/p>\n\n\n\n<figure class=\"wp-block-image size-large\"><img loading=\"lazy\" decoding=\"async\" width=\"1024\" height=\"577\" src=\"https:\/\/tvc16.com\/portal\/wp-content\/uploads\/2022\/12\/whatsapp-image-2022-12-23-at-105813-1024x577.jpeg\" alt=\"\" class=\"wp-image-50094\" srcset=\"https:\/\/tvc16.com\/portal\/wp-content\/uploads\/2022\/12\/whatsapp-image-2022-12-23-at-105813-1024x577.jpeg 1024w, https:\/\/tvc16.com\/portal\/wp-content\/uploads\/2022\/12\/whatsapp-image-2022-12-23-at-105813-300x169.jpeg 300w, https:\/\/tvc16.com\/portal\/wp-content\/uploads\/2022\/12\/whatsapp-image-2022-12-23-at-105813-768x433.jpeg 768w, https:\/\/tvc16.com\/portal\/wp-content\/uploads\/2022\/12\/whatsapp-image-2022-12-23-at-105813-1536x866.jpeg 1536w, https:\/\/tvc16.com\/portal\/wp-content\/uploads\/2022\/12\/whatsapp-image-2022-12-23-at-105813.jpeg 1600w\" sizes=\"auto, (max-width: 1024px) 100vw, 1024px\" \/><\/figure>\n\n\n\n<p>\u2018\u2019Esse \u00e9 um momento importante na evolu\u00e7\u00e3o da sa\u00fade mental do munic\u00edpio. Nossa gest\u00e3o teve um olhar especial para essa \u00e1rea e nosso objetivo \u00e9 criar mais duas resid\u00eancias no pr\u00f3ximo ano\u2019\u2019,\u00a0disse a respons\u00e1vel da pasta, Nicole Cipriano. \u201cEste passo representa um marco importante na hist\u00f3ria do Munic\u00edpio de Nova Friburgo que por anos permaneceu com cuidados baseados em uma assist\u00eancia nosocomial.\u201d, ressaltou a Gerente de Sa\u00fade Mental, Sandia Tozato.<\/p>\n\n\n\n<p>O Prefeito Johnny Maycon, a primeira-dama, Lorrayne Ribeiro, a secret\u00e1ria municipal de Sa\u00fade, Nicole Cipriano, a gerente de Sa\u00fade Mental, Sandia Tozato, o subsecret\u00e1rio de Aten\u00e7\u00e3o Hospitalar, Leslie Moura, o interventor da Cl\u00ednica, Idenilson Moura e a equipe da Sa\u00fade Mental participaram da inaugura\u00e7\u00e3o.<\/p>\n","protected":false},"excerpt":{"rendered":"<p>A Prefeitura inaugurou na manh\u00e3 desta sexta-feira, 23 de dezembro, a primeira Resid\u00eancia Terap\u00eautica da<\/p>\n","protected":false},"author":2,"featured_media":50092,"comment_status":"open","ping_status":"open","sticky":false,"template":"","format":"standard","meta":{"footnotes":""},"categories":[17,13],"tags":[],"class_list":["post-50091","post","type-post","status-publish","format-standard","has-post-thumbnail","hentry","category-outras-noticias","category-saude"],"_links":{"self":[{"href":"https:\/\/tvc16.com\/portal\/wp-json\/wp\/v2\/posts\/50091","targetHints":{"allow":["GET"]}}],"collection":[{"href":"https:\/\/tvc16.com\/portal\/wp-json\/wp\/v2\/posts"}],"about":[{"href":"https:\/\/tvc16.com\/portal\/wp-json\/wp\/v2\/types\/post"}],"author":[{"embeddable":true,"href":"https:\/\/tvc16.com\/portal\/wp-json\/wp\/v2\/users\/2"}],"replies":[{"embeddable":true,"href":"https:\/\/tvc16.com\/portal\/wp-json\/wp\/v2\/comments?post=50091"}],"version-history":[{"count":1,"href":"https:\/\/tvc16.com\/portal\/wp-json\/wp\/v2\/posts\/50091\/revisions"}],"predecessor-version":[{"id":50095,"href":"https:\/\/tvc16.com\/portal\/wp-json\/wp\/v2\/posts\/50091\/revisions\/50095"}],"wp:featuredmedia":[{"embeddable":true,"href":"https:\/\/tvc16.com\/portal\/wp-json\/wp\/v2\/media\/50092"}],"wp:attachment":[{"href":"https:\/\/tvc16.com\/portal\/wp-json\/wp\/v2\/media?parent=50091"}],"wp:term":[{"taxonomy":"category","embeddable":true,"href":"https:\/\/tvc16.com\/portal\/wp-json\/wp\/v2\/categories?post=50091"},{"taxonomy":"post_tag","embeddable":true,"href":"https:\/\/tvc16.com\/portal\/wp-json\/wp\/v2\/tags?post=50091"}],"curies":[{"name":"wp","href":"https:\/\/api.w.org\/{rel}","templated":true}]}}