{"id":50099,"date":"2022-12-24T16:15:00","date_gmt":"2022-12-24T19:15:00","guid":{"rendered":"https:\/\/tvc16.com\/portal\/?p=50099"},"modified":"2022-12-23T20:58:27","modified_gmt":"2022-12-23T23:58:27","slug":"nova-friburgo-divulga-programacao-de-reveillon","status":"publish","type":"post","link":"https:\/\/tvc16.com\/portal\/2022\/12\/24\/nova-friburgo-divulga-programacao-de-reveillon\/","title":{"rendered":"Nova Friburgo divulga programa\u00e7\u00e3o de Reveillon"},"content":{"rendered":"\n<p>A Prefeitura de Nova Friburgo, atrav\u00e9s da Secretaria Municipal de Turismo e Marketing, elaborou uma extensa programa\u00e7\u00e3o de: \u2018Reveill\u00f3n 2023 \u2013 um brinde \u00e0 Nossa Friburgo\u2019.<\/p>\n\n\n\n<p>As festividades ser\u00e3o <a><\/a>promovidas nos dias 30 e 31 de dezembro e 1\u00ba de janeiro, na Avenida Alberto Braune, no trecho em frente \u00e0 Prefeitura. Nos tr\u00eas dias de celebra\u00e7\u00e3o haver\u00e1 muita m\u00fasica e anima\u00e7\u00e3o com a apresenta\u00e7\u00e3o de bandas e DJs para animar os friburguenses e turistas que estiverem na cidade.<\/p>\n\n\n\n<p>O esquema de tr\u00e2nsito funcionar\u00e1 basicamente de forma semelhante ao que foi feito durante a Festa da Cerveja 2022, no final de outubro passado. Algumas diferen\u00e7as ocorrer\u00e3o, como na Rua Comandante Ribeiro de Barros que estar\u00e1 aberta ao tr\u00e2nsito de ve\u00edculos. As ruas Lopes Trov\u00e3o e Gon\u00e7alves Dias dever\u00e3o novamente funcionar em m\u00e3o dupla para melhorar a flu\u00eddez do tr\u00e1fego no centro da cidade.<\/p>\n\n\n\n<p>Demais altera\u00e7\u00f5es ou esquema especial ainda ser\u00e3o divulgados pela Prefeitura de Nova Friburgo, por meio da Secretaria Municipal de Ordem e Mobilidade Urbana, que trabalha em di\u00e1logo constante com a Secretaria Municipal de Turismo.<\/p>\n\n\n\n<p>Confira a programa\u00e7\u00e3o do \u2018Reveill\u00f3n 2023 \u2013 um brinde \u00e0 nossa Friburgo\u2019:<\/p>\n\n\n\n<p>*30 de dezembro (sexta-feira)<\/p>\n\n\n\n<p>18h \u00e0s 19h \u2013 DJ Cris K<\/p>\n\n\n\n<p>19h20 \u00e0s 20h20 \u2013 Let\u00edcia Andrade<\/p>\n\n\n\n<p>20h30 \u00e0s 21h30 \u2013 Saulo Emerick<\/p>\n\n\n\n<p>22h30 \u2013 00h30 \u2013 Melim<\/p>\n\n\n\n<p>*31 de dezembro (s\u00e1bado)<\/p>\n\n\n\n<p>18h \u00e0s 19h \u2013 DJ Gee Santtoz<\/p>\n\n\n\n<p>19h20 \u00e0s 20h20 \u2013 Os Bartira<\/p>\n\n\n\n<p>20h30 \u00e0s 21h30 \u2013 DJ Cosme<\/p>\n\n\n\n<p>22h30 \u00e0s 23h30 \u2013 Pagode do Herdy<\/p>\n\n\n\n<p>23h30 \u00e0s 01h30 \u2013 DJ Kokadah!<\/p>\n\n\n\n<p>*1\u00ba de janeiro (domingo)<\/p>\n\n\n\n<p>17h \u00e0s 18h30 \u2013 DJ Luciano Petrillo<\/p>\n\n\n\n<p>19h \u00e0s 20h30 \u2013 Israel Lacerda<\/p>\n\n\n\n<p>21h30 \u00e0s 23h \u2013 MC Koringa<\/p>\n\n\n\n<p>* programa\u00e7\u00e3o sujeita \u00e0 altera\u00e7\u00e3o<\/p>\n","protected":false},"excerpt":{"rendered":"<p>A Prefeitura de Nova Friburgo, atrav\u00e9s da Secretaria Municipal de Turismo e Marketing, elaborou uma<\/p>\n","protected":false},"author":2,"featured_media":50100,"comment_status":"open","ping_status":"open","sticky":false,"template":"","format":"standard","meta":{"footnotes":""},"categories":[21,17,118],"tags":[],"class_list":["post-50099","post","type-post","status-publish","format-standard","has-post-thumbnail","hentry","category-cultura","category-outras-noticias","category-programacao"],"_links":{"self":[{"href":"https:\/\/tvc16.com\/portal\/wp-json\/wp\/v2\/posts\/50099","targetHints":{"allow":["GET"]}}],"collection":[{"href":"https:\/\/tvc16.com\/portal\/wp-json\/wp\/v2\/posts"}],"about":[{"href":"https:\/\/tvc16.com\/portal\/wp-json\/wp\/v2\/types\/post"}],"author":[{"embeddable":true,"href":"https:\/\/tvc16.com\/portal\/wp-json\/wp\/v2\/users\/2"}],"replies":[{"embeddable":true,"href":"https:\/\/tvc16.com\/portal\/wp-json\/wp\/v2\/comments?post=50099"}],"version-history":[{"count":1,"href":"https:\/\/tvc16.com\/portal\/wp-json\/wp\/v2\/posts\/50099\/revisions"}],"predecessor-version":[{"id":50102,"href":"https:\/\/tvc16.com\/portal\/wp-json\/wp\/v2\/posts\/50099\/revisions\/50102"}],"wp:featuredmedia":[{"embeddable":true,"href":"https:\/\/tvc16.com\/portal\/wp-json\/wp\/v2\/media\/50100"}],"wp:attachment":[{"href":"https:\/\/tvc16.com\/portal\/wp-json\/wp\/v2\/media?parent=50099"}],"wp:term":[{"taxonomy":"category","embeddable":true,"href":"https:\/\/tvc16.com\/portal\/wp-json\/wp\/v2\/categories?post=50099"},{"taxonomy":"post_tag","embeddable":true,"href":"https:\/\/tvc16.com\/portal\/wp-json\/wp\/v2\/tags?post=50099"}],"curies":[{"name":"wp","href":"https:\/\/api.w.org\/{rel}","templated":true}]}}