{"id":5010,"date":"2020-11-06T16:54:13","date_gmt":"2020-11-06T16:54:13","guid":{"rendered":"https:\/\/tvc16.com\/portal\/?p=5010"},"modified":"2020-11-06T16:54:13","modified_gmt":"2020-11-06T16:54:13","slug":"congresso-mantem-veto-a-ampliacao-de-beneficiarios-do-auxilio-emergencial","status":"publish","type":"post","link":"https:\/\/tvc16.com\/portal\/2020\/11\/06\/congresso-mantem-veto-a-ampliacao-de-beneficiarios-do-auxilio-emergencial\/","title":{"rendered":"Congresso mant\u00e9m veto \u00e0 amplia\u00e7\u00e3o de benefici\u00e1rios do aux\u00edlio emergencial"},"content":{"rendered":"\n<p>Foram 45 votos pela manuten\u00e7\u00e3o do veto e 17 pela derrubada, al\u00e9m de duas absten\u00e7\u00f5es<\/p>\n\n\n\n<p>Senadores decidiram manter o veto parcial do presidente da Rep\u00fablica ao projeto que amplia a lista de benefici\u00e1rios do aux\u00edlio emergencial. Foram 45 votos pela manuten\u00e7\u00e3o do veto e 17 pela derrubada, al\u00e9m de duas absten\u00e7\u00f5es. O veto n\u00e3o precisar\u00e1 ser votado pelos deputados federais, j\u00e1 que a derrubada s\u00f3 acontece com o apoio de ambas as Casa do Congresso.<\/p>\n\n\n\n<p>Ap\u00f3s ser aprovado no Congresso Nacional e transformado na Lei, garantindo o pagamento do aux\u00edlio para m\u00e3es menores de 18 anos, Bolsonaro vetou tamb\u00e9m alguns itens. Foi proibido, por exemplo, a amplia\u00e7\u00e3o do benef\u00edcio para profissionais informais que n\u00e3o est\u00e3o inscritos no Cadastro \u00danico.&nbsp;<\/p>\n\n\n\n<p><a href=\"https:\/\/brasil61.com\/noticias\/beneficiarios-podem-contestar-cancelamento-da-extensao-do-auxilio-emergencial-bras202479\"><strong>Benefici\u00e1rios podem contestar cancelamento da extens\u00e3o do Aux\u00edlio Emergencial<\/strong><\/a><\/p>\n\n\n\n<p><a href=\"https:\/\/brasil61.com\/noticias\/poupanca-digital-tem-acesso-ampliado-bras202410\"><strong>Poupan\u00e7a digital tem acesso ampliado<\/strong><\/a><\/p>\n\n\n\n<p>Na justificativa para barrar as altera\u00e7\u00f5es, o governo alegou que a proposta privilegiaria algumas profiss\u00f5es em detrimento de outras. O Executivo tamb\u00e9m afirmou ter rejeitado a amplia\u00e7\u00e3o do benef\u00edcio, j\u00e1 que o Congresso n\u00e3o especificou qual seria a fonte da verba para custeio.&nbsp;<\/p>\n\n\n\n<p>Foi vetada tamb\u00e9m a possibilidade de homens solteiros chefes de fam\u00edlia receberem em dobro o benef\u00edcio emergencial. Pelas regras vigentes, apenas m\u00e3es chefes de fam\u00edlia podem ter direito a duas cotas. Segundo o governo, a medida colocaria em risco o recebimento do benef\u00edcio por m\u00e3es solteiras, pois o projeto n\u00e3o estabeleceu mecanismos para impedir que pais ausentes se colocassem como chefes de fam\u00edlia de forma fraudulenta.<\/p>\n\n\n\n<p>Fonte: <a href=\"https:\/\/brasil61.com\/noticias\/congresso-mantem-veto-a-ampliacao-de-beneficiarios-do-auxilio-emergencial-bras202495?email=bethdeoliveira@yahoo.com.br&amp;utm_source=newsletter&amp;utm_medium=newsletter&amp;utm_campaign=newsletter\" target=\"_blank\" rel=\"noreferrer noopener\">Brasil 61<\/a><\/p>\n","protected":false},"excerpt":{"rendered":"<p>Foram 45 votos pela manuten\u00e7\u00e3o do veto e 17 pela derrubada, al\u00e9m de duas absten\u00e7\u00f5es<\/p>\n","protected":false},"author":2,"featured_media":5011,"comment_status":"open","ping_status":"open","sticky":false,"template":"","format":"standard","meta":{"footnotes":""},"categories":[14],"tags":[],"class_list":["post-5010","post","type-post","status-publish","format-standard","has-post-thumbnail","hentry","category-pais"],"_links":{"self":[{"href":"https:\/\/tvc16.com\/portal\/wp-json\/wp\/v2\/posts\/5010","targetHints":{"allow":["GET"]}}],"collection":[{"href":"https:\/\/tvc16.com\/portal\/wp-json\/wp\/v2\/posts"}],"about":[{"href":"https:\/\/tvc16.com\/portal\/wp-json\/wp\/v2\/types\/post"}],"author":[{"embeddable":true,"href":"https:\/\/tvc16.com\/portal\/wp-json\/wp\/v2\/users\/2"}],"replies":[{"embeddable":true,"href":"https:\/\/tvc16.com\/portal\/wp-json\/wp\/v2\/comments?post=5010"}],"version-history":[{"count":1,"href":"https:\/\/tvc16.com\/portal\/wp-json\/wp\/v2\/posts\/5010\/revisions"}],"predecessor-version":[{"id":5012,"href":"https:\/\/tvc16.com\/portal\/wp-json\/wp\/v2\/posts\/5010\/revisions\/5012"}],"wp:featuredmedia":[{"embeddable":true,"href":"https:\/\/tvc16.com\/portal\/wp-json\/wp\/v2\/media\/5011"}],"wp:attachment":[{"href":"https:\/\/tvc16.com\/portal\/wp-json\/wp\/v2\/media?parent=5010"}],"wp:term":[{"taxonomy":"category","embeddable":true,"href":"https:\/\/tvc16.com\/portal\/wp-json\/wp\/v2\/categories?post=5010"},{"taxonomy":"post_tag","embeddable":true,"href":"https:\/\/tvc16.com\/portal\/wp-json\/wp\/v2\/tags?post=5010"}],"curies":[{"name":"wp","href":"https:\/\/api.w.org\/{rel}","templated":true}]}}