{"id":50106,"date":"2022-12-24T12:06:00","date_gmt":"2022-12-24T15:06:00","guid":{"rendered":"https:\/\/tvc16.com\/portal\/?p=50106"},"modified":"2022-12-23T21:35:22","modified_gmt":"2022-12-24T00:35:22","slug":"abrigo-provisorio-antonio-modesto-fabello-participa-de-censo-da-populacao-infantojuvenil","status":"publish","type":"post","link":"https:\/\/tvc16.com\/portal\/2022\/12\/24\/abrigo-provisorio-antonio-modesto-fabello-participa-de-censo-da-populacao-infantojuvenil\/","title":{"rendered":"Abrigo Provis\u00f3rio Ant\u00f4nio Modesto Fabello participa de Censo da popula\u00e7\u00e3o Infantojuvenil"},"content":{"rendered":"\n<p>O Abrigo Provis\u00f3rio Ant\u00f4nio Modesto Fabello, administrado pela Prefeitura de Tr\u00eas Rios, atrav\u00e9s da Secretaria de Assist\u00eancia Social e Direitos Humanos, e que acolhe crian\u00e7as entre 0 e 18 anos incompletos, participou do 29\u00b0 Censo da Popula\u00e7\u00e3o Infantojuvenil acolhida no Estado do Rio de Janeiro, realizado na sede do Minist\u00e9rio P\u00fablico.<\/p>\n\n\n\n<p>Durante o evento aconteceu o XII Concurso Cultural do M\u00f3dulo Crian\u00e7a Adolescente, onde um acolhido do Abrigo Provis\u00f3rio Ant\u00f4nio Modesto Fabello foi premiado com sua atividade art\u00edstica realizada juntamente com a equipe da institui\u00e7\u00e3o.<\/p>\n\n\n\n<p>Em m\u00e9dia 300 trabalhos foram avaliados e participaram do Concurso mais de 50 institui\u00e7\u00f5es de acolhimento de todo o estado do Rio de Janeiro.<\/p>\n","protected":false},"excerpt":{"rendered":"<p>O Abrigo Provis\u00f3rio Ant\u00f4nio Modesto Fabello, administrado pela Prefeitura de Tr\u00eas Rios, atrav\u00e9s da Secretaria<\/p>\n","protected":false},"author":2,"featured_media":50107,"comment_status":"open","ping_status":"open","sticky":false,"template":"","format":"standard","meta":{"footnotes":""},"categories":[19,17],"tags":[],"class_list":["post-50106","post","type-post","status-publish","format-standard","has-post-thumbnail","hentry","category-educacao","category-outras-noticias"],"_links":{"self":[{"href":"https:\/\/tvc16.com\/portal\/wp-json\/wp\/v2\/posts\/50106","targetHints":{"allow":["GET"]}}],"collection":[{"href":"https:\/\/tvc16.com\/portal\/wp-json\/wp\/v2\/posts"}],"about":[{"href":"https:\/\/tvc16.com\/portal\/wp-json\/wp\/v2\/types\/post"}],"author":[{"embeddable":true,"href":"https:\/\/tvc16.com\/portal\/wp-json\/wp\/v2\/users\/2"}],"replies":[{"embeddable":true,"href":"https:\/\/tvc16.com\/portal\/wp-json\/wp\/v2\/comments?post=50106"}],"version-history":[{"count":1,"href":"https:\/\/tvc16.com\/portal\/wp-json\/wp\/v2\/posts\/50106\/revisions"}],"predecessor-version":[{"id":50108,"href":"https:\/\/tvc16.com\/portal\/wp-json\/wp\/v2\/posts\/50106\/revisions\/50108"}],"wp:featuredmedia":[{"embeddable":true,"href":"https:\/\/tvc16.com\/portal\/wp-json\/wp\/v2\/media\/50107"}],"wp:attachment":[{"href":"https:\/\/tvc16.com\/portal\/wp-json\/wp\/v2\/media?parent=50106"}],"wp:term":[{"taxonomy":"category","embeddable":true,"href":"https:\/\/tvc16.com\/portal\/wp-json\/wp\/v2\/categories?post=50106"},{"taxonomy":"post_tag","embeddable":true,"href":"https:\/\/tvc16.com\/portal\/wp-json\/wp\/v2\/tags?post=50106"}],"curies":[{"name":"wp","href":"https:\/\/api.w.org\/{rel}","templated":true}]}}