{"id":50109,"date":"2022-12-24T09:00:00","date_gmt":"2022-12-24T12:00:00","guid":{"rendered":"https:\/\/tvc16.com\/portal\/?p=50109"},"modified":"2022-12-23T21:50:55","modified_gmt":"2022-12-24T00:50:55","slug":"prefeitura-de-tres-rios-entrega-cestas-de-natal-a-servidores","status":"publish","type":"post","link":"https:\/\/tvc16.com\/portal\/2022\/12\/24\/prefeitura-de-tres-rios-entrega-cestas-de-natal-a-servidores\/","title":{"rendered":"Prefeitura de Tr\u00eas Rios entrega cestas de Natal a servidores"},"content":{"rendered":"\n<p><em>Funcion\u00e1rios do munic\u00edpio n\u00e3o recebiam benef\u00edcio h\u00e1 22 anos<\/em><\/p>\n\n\n\n<p>A Prefeitura de Tr\u00eas Rios entregou nesta quinta (22) e sexta-feira (23) cestas de Natal para os quase quatro mil servidores do munic\u00edpio. Os funcion\u00e1rios da administra\u00e7\u00e3o p\u00fablica trirriense n\u00e3o recebiam o benef\u00edcio h\u00e1 22 anos.<\/p>\n\n\n\n<figure class=\"wp-block-image size-large\"><img loading=\"lazy\" decoding=\"async\" width=\"1024\" height=\"768\" src=\"https:\/\/tvc16.com\/portal\/wp-content\/uploads\/2022\/12\/Cestas-de-Natal-PMTR-2-1024x768.jpg\" alt=\"\" class=\"wp-image-50111\" srcset=\"https:\/\/tvc16.com\/portal\/wp-content\/uploads\/2022\/12\/Cestas-de-Natal-PMTR-2-1024x768.jpg 1024w, https:\/\/tvc16.com\/portal\/wp-content\/uploads\/2022\/12\/Cestas-de-Natal-PMTR-2-300x225.jpg 300w, https:\/\/tvc16.com\/portal\/wp-content\/uploads\/2022\/12\/Cestas-de-Natal-PMTR-2-768x576.jpg 768w, https:\/\/tvc16.com\/portal\/wp-content\/uploads\/2022\/12\/Cestas-de-Natal-PMTR-2-200x150.jpg 200w, https:\/\/tvc16.com\/portal\/wp-content\/uploads\/2022\/12\/Cestas-de-Natal-PMTR-2.jpg 1271w\" sizes=\"auto, (max-width: 1024px) 100vw, 1024px\" \/><\/figure>\n\n\n\n<p>Como forma de valorizar o funcionalismo p\u00fablico \u2014 miss\u00e3o que tem sido prioridade da atual gest\u00e3o desde o in\u00edcio do governo \u2014, o prefeito Joa se reuniu com a Secretaria de Administra\u00e7\u00e3o e Recursos Humanos e pediu que fosse analisada a possibilidade de presentear os servidores.<\/p>\n\n\n\n<p>Na quarta-feira (21), em resposta ao prefeito, o secret\u00e1rio de Ricardo Webster sinalizou como positivo o resultado da an\u00e1lise, e ent\u00e3o a Prefeitura fez o an\u00fancio do benef\u00edcio. J\u00e1 na quinta-feira as cestas come\u00e7aram a ser entregues aos funcion\u00e1rios, que puderam retirar os produtos at\u00e9 nesta sexta-feira.<\/p>\n\n\n\n<p>\u201c\u00c9 com muita felicidade que podemos, depois de todos esses anos, entregar essas cestas aos nossos funcion\u00e1rios. Muito mais do que produtos, entregamos nesses dois dias um gesto de carinho para com os funcion\u00e1rios. Sei que temos muitos desafios, mas temos caminhado em dire\u00e7\u00e3o a uma valoriza\u00e7\u00e3o cada vez maior dos nossos servidores\u201d, comentou o prefeito Joa.<\/p>\n","protected":false},"excerpt":{"rendered":"<p>Funcion\u00e1rios do munic\u00edpio n\u00e3o recebiam benef\u00edcio h\u00e1 22 anos A Prefeitura de Tr\u00eas Rios entregou<\/p>\n","protected":false},"author":2,"featured_media":50110,"comment_status":"open","ping_status":"open","sticky":false,"template":"","format":"standard","meta":{"footnotes":""},"categories":[19,17],"tags":[],"class_list":["post-50109","post","type-post","status-publish","format-standard","has-post-thumbnail","hentry","category-educacao","category-outras-noticias"],"_links":{"self":[{"href":"https:\/\/tvc16.com\/portal\/wp-json\/wp\/v2\/posts\/50109","targetHints":{"allow":["GET"]}}],"collection":[{"href":"https:\/\/tvc16.com\/portal\/wp-json\/wp\/v2\/posts"}],"about":[{"href":"https:\/\/tvc16.com\/portal\/wp-json\/wp\/v2\/types\/post"}],"author":[{"embeddable":true,"href":"https:\/\/tvc16.com\/portal\/wp-json\/wp\/v2\/users\/2"}],"replies":[{"embeddable":true,"href":"https:\/\/tvc16.com\/portal\/wp-json\/wp\/v2\/comments?post=50109"}],"version-history":[{"count":1,"href":"https:\/\/tvc16.com\/portal\/wp-json\/wp\/v2\/posts\/50109\/revisions"}],"predecessor-version":[{"id":50112,"href":"https:\/\/tvc16.com\/portal\/wp-json\/wp\/v2\/posts\/50109\/revisions\/50112"}],"wp:featuredmedia":[{"embeddable":true,"href":"https:\/\/tvc16.com\/portal\/wp-json\/wp\/v2\/media\/50110"}],"wp:attachment":[{"href":"https:\/\/tvc16.com\/portal\/wp-json\/wp\/v2\/media?parent=50109"}],"wp:term":[{"taxonomy":"category","embeddable":true,"href":"https:\/\/tvc16.com\/portal\/wp-json\/wp\/v2\/categories?post=50109"},{"taxonomy":"post_tag","embeddable":true,"href":"https:\/\/tvc16.com\/portal\/wp-json\/wp\/v2\/tags?post=50109"}],"curies":[{"name":"wp","href":"https:\/\/api.w.org\/{rel}","templated":true}]}}