{"id":50113,"date":"2022-12-24T13:11:00","date_gmt":"2022-12-24T16:11:00","guid":{"rendered":"https:\/\/tvc16.com\/portal\/?p=50113"},"modified":"2022-12-23T21:54:49","modified_gmt":"2022-12-24T00:54:49","slug":"zika-saiba-quais-os-sintomas-da-doenca","status":"publish","type":"post","link":"https:\/\/tvc16.com\/portal\/2022\/12\/24\/zika-saiba-quais-os-sintomas-da-doenca\/","title":{"rendered":"ZIKA: Saiba quais os sintomas da doen\u00e7a"},"content":{"rendered":"\n<p>O Brasil registrou mais de 9,2 mil casos prov\u00e1veis de zika, de janeiro a dezembro deste ano, segundo boletim epidemiol\u00f3gico mais recente do Minist\u00e9rio da Sa\u00fade. Esse n\u00famero representa um aumento de 47,1% em compara\u00e7\u00e3o ao mesmo per\u00edodo de 2021. A doen\u00e7a causada pelo zika v\u00edrus \u00e9 transmitida principalmente pela picada do mosquito f\u00eamea Aedes aegypti, mesmo vetor da dengue e da chikungunya.&nbsp;<\/p>\n\n\n\n<p>O Minist\u00e9rio da Sa\u00fade refor\u00e7a a necessidade da popula\u00e7\u00e3o tomar medidas de preven\u00e7\u00e3o aos focos do mosquito e, sobretudo, ficar atenta aos sintomas da doen\u00e7a.<\/p>\n\n\n\n<p>A coordenadora da equipe de Sa\u00fade da Fam\u00edlia no Distrito Federal, Adryenne de Carvalho Mello, explica os principais:&nbsp;<\/p>\n\n\n\n<p>\u201cA zika se destaca por uma febre mais baixa (ou aus\u00eancia de febre), muitas manchas na pele e coceira no corpo.\u201d<\/p>\n\n\n\n<p>Al\u00e9m dos sintomas citados, o zika tamb\u00e9m causa dor de cabe\u00e7a, dores nas articula\u00e7\u00f5es e incha\u00e7o no corpo. Segundo a Organiza\u00e7\u00e3o Pan-Americana da Sa\u00fade, a OPAS, os sintomas geralmente duram de 2 a 7 dias.<\/p>\n\n\n\n<p>Ao aparecimento de qualquer um desses sintomas, a recomenda\u00e7\u00e3o do Minist\u00e9rio da Sa\u00fade \u00e9 procurar atendimento m\u00e9dico em uma Unidade B\u00e1sica de Sa\u00fade (UBS) mais pr\u00f3xima imediatamente.<\/p>\n\n\n\n<p>Para combater o mosquito causador da chikungunya, basta adotar atitudes simples e di\u00e1rias dentro de casa. A recomenda\u00e7\u00e3o \u00e9 evitar \u00e1gua parada, condi\u00e7\u00e3o prop\u00edcia para a prolifera\u00e7\u00e3o do Aedes aegypti. Tampar caixas d&#8217;\u00e1gua, limpar calhas, amarrar sacos de lixo s\u00e3o algumas a\u00e7\u00f5es eficazes de preven\u00e7\u00e3o. O Minist\u00e9rio tamb\u00e9m recomenda guardar pneus em locais cobertos, colocar areia nos vasos de plantas e deixar garrafas viradas para baixo. &nbsp;&nbsp;<\/p>\n\n\n\n<p>Todo dia \u00e9 dia de combater o mosquito. E de ficar atento aos sintomas tamb\u00e9m.<\/p>\n\n\n\n<p>Fonte: Brasil 61<\/p>\n","protected":false},"excerpt":{"rendered":"<p>O Brasil registrou mais de 9,2 mil casos prov\u00e1veis de zika, de janeiro a dezembro<\/p>\n","protected":false},"author":2,"featured_media":50114,"comment_status":"open","ping_status":"open","sticky":false,"template":"","format":"standard","meta":{"footnotes":""},"categories":[17,14],"tags":[],"class_list":["post-50113","post","type-post","status-publish","format-standard","has-post-thumbnail","hentry","category-outras-noticias","category-pais"],"_links":{"self":[{"href":"https:\/\/tvc16.com\/portal\/wp-json\/wp\/v2\/posts\/50113","targetHints":{"allow":["GET"]}}],"collection":[{"href":"https:\/\/tvc16.com\/portal\/wp-json\/wp\/v2\/posts"}],"about":[{"href":"https:\/\/tvc16.com\/portal\/wp-json\/wp\/v2\/types\/post"}],"author":[{"embeddable":true,"href":"https:\/\/tvc16.com\/portal\/wp-json\/wp\/v2\/users\/2"}],"replies":[{"embeddable":true,"href":"https:\/\/tvc16.com\/portal\/wp-json\/wp\/v2\/comments?post=50113"}],"version-history":[{"count":1,"href":"https:\/\/tvc16.com\/portal\/wp-json\/wp\/v2\/posts\/50113\/revisions"}],"predecessor-version":[{"id":50115,"href":"https:\/\/tvc16.com\/portal\/wp-json\/wp\/v2\/posts\/50113\/revisions\/50115"}],"wp:featuredmedia":[{"embeddable":true,"href":"https:\/\/tvc16.com\/portal\/wp-json\/wp\/v2\/media\/50114"}],"wp:attachment":[{"href":"https:\/\/tvc16.com\/portal\/wp-json\/wp\/v2\/media?parent=50113"}],"wp:term":[{"taxonomy":"category","embeddable":true,"href":"https:\/\/tvc16.com\/portal\/wp-json\/wp\/v2\/categories?post=50113"},{"taxonomy":"post_tag","embeddable":true,"href":"https:\/\/tvc16.com\/portal\/wp-json\/wp\/v2\/tags?post=50113"}],"curies":[{"name":"wp","href":"https:\/\/api.w.org\/{rel}","templated":true}]}}