{"id":50127,"date":"2022-12-24T14:11:00","date_gmt":"2022-12-24T17:11:00","guid":{"rendered":"https:\/\/tvc16.com\/portal\/?p=50127"},"modified":"2022-12-23T22:28:09","modified_gmt":"2022-12-24T01:28:09","slug":"governo-do-estado-entrega-novos-cartoes-do-recomecar","status":"publish","type":"post","link":"https:\/\/tvc16.com\/portal\/2022\/12\/24\/governo-do-estado-entrega-novos-cartoes-do-recomecar\/","title":{"rendered":"<strong>Governo do Estado entrega novos cart\u00f5es do Recome\u00e7ar<\/strong>"},"content":{"rendered":"\n<p><em>Benef\u00edcio ser\u00e1 disponibilizado para moradores de Laje do Muria\u00e9 e Carapebus atingidos pela chuva de dezembro<\/em><\/p>\n\n\n\n<p>O Governo do Estado, por meio da Secretaria de Desenvolvimento Social e Direitos Humanos, realizou, neste \u00faltimo ano, uma s\u00e9rie de medidas para reduzir o preju\u00edzo de fam\u00edlias que ficaram desabrigadas ou desalojadas nos munic\u00edpios fluminenses devido a trag\u00e9dias naturais. <\/p>\n\n\n\n<figure class=\"wp-block-image size-large\"><img loading=\"lazy\" decoding=\"async\" width=\"683\" height=\"1024\" src=\"https:\/\/tvc16.com\/portal\/wp-content\/uploads\/2022\/12\/Foto-Recomecar-683x1024.jpg\" alt=\"\" class=\"wp-image-50129\" srcset=\"https:\/\/tvc16.com\/portal\/wp-content\/uploads\/2022\/12\/Foto-Recomecar-683x1024.jpg 683w, https:\/\/tvc16.com\/portal\/wp-content\/uploads\/2022\/12\/Foto-Recomecar-200x300.jpg 200w, https:\/\/tvc16.com\/portal\/wp-content\/uploads\/2022\/12\/Foto-Recomecar-768x1151.jpg 768w, https:\/\/tvc16.com\/portal\/wp-content\/uploads\/2022\/12\/Foto-Recomecar.jpg 854w\" sizes=\"auto, (max-width: 683px) 100vw, 683px\" \/><\/figure>\n\n\n\n<p>Entre as a\u00e7\u00f5es, est\u00e1 a distribui\u00e7\u00e3o do Cart\u00e3o Recome\u00e7ar \u2013 um cart\u00e3o de d\u00e9bito de tr\u00eas mil reais, em parcela \u00fanica \u2013 \u00e0 popula\u00e7\u00e3o de baixa renda para que reconstruam suas casas, por meio da compra de materiais de constru\u00e7\u00e3o ou produtos como m\u00f3veis, geladeira, fog\u00e3o, e demais eletrodom\u00e9sticos da linha branca. Este ano, mais de 23 mil fam\u00edlias foram beneficiadas, em 18 munic\u00edpios, com aproximadamente R$ 60 milh\u00f5es em recursos estaduais.<\/p>\n\n\n\n<p>Nas \u00faltimas semanas, mais cidades foram atingidas pelas fortes chuvas e muitos moradores ficaram desalojados ou desabrigados. Como resposta, o Estado realizou um mutir\u00e3o para agilizar o atendimento \u00e0 popula\u00e7\u00e3o e come\u00e7a a entregar, na pr\u00f3xima quarta-feira (28\/12), 248 cart\u00f5es para o munic\u00edpio de Carapebus e 170 para Laje de Muria\u00e9. Outras regi\u00f5es prejudicadas pela chuva, como Barra do Pira\u00ed e S\u00e3o Pedro da Aldeia, tamb\u00e9m ser\u00e3o beneficiadas nesta nova etapa.<\/p>\n\n\n\n<p>&#8211; O governo agiu rapidamente, com as secretarias atuando de forma integrada, para que o aux\u00edlio chegasse logo aos moradores das cidades que foram atingidas pelas fortes chuvas agora em dezembro. Temos trabalhado para que os munic\u00edpios sejam atendidos da forma mais \u00e1gil e eficiente &#8211; disse o governador Cl\u00e1udio Castro.<\/p>\n\n\n\n<p>Baixada Fluminense, uma das regi\u00f5es mais atingidas pelas chuvas esse ano, recebeu metade dos benef\u00edcios<\/p>\n\n\n\n<p>A Secretaria de Desenvolvimento Social, por meio da Subsecretaria de Gest\u00e3o do Sistema \u00danico de Assist\u00eancia Social, entregou para os munic\u00edpios da Baixada Fluminense cerca de 11 mil cart\u00f5es. Foram beneficiadas as cidades de Belford Roxo (3.677), Nova Igua\u00e7u (7.027), Mag\u00e9 (350), Mesquita (1.368) e Queimados (157). Mais da metade dos cart\u00f5es do Recome\u00e7ar foram destinados para essa regi\u00e3o do Estado.<\/p>\n\n\n\n<p>Petr\u00f3polis, que foi a cidade mais prejudicada pelas chuvas do in\u00edcio do ano, recebeu quase 4 mil cart\u00f5es (3.915). Al\u00e9m do Recome\u00e7ar, por conta da gravidade da situa\u00e7\u00e3o, os petropolitanos puderam receber o SuperaRJ, totalizando um investimento de mais de R$ 54 milh\u00f5es de reais s\u00f3 com esse benef\u00edcio.<\/p>\n\n\n\n<p>&#8211; N\u00f3s fizemos uma gest\u00e3o igualit\u00e1ria e focada em atender a popula\u00e7\u00e3o mais vulner\u00e1vel do nosso estado. Terminamos 2022 com essa miss\u00e3o cumprida. S\u00f3 em Aluguel Social beneficiamos mais de 82 mil fam\u00edlias \u2013 concluiu o secret\u00e1rio de Desenvolvimento Social e Direitos Humanos, Julio Saraiva.<\/p>\n\n\n\n<p>O Governo do Rio investiu ainda cerca de R$ 40 milh\u00f5es no pagamento do Aluguel Social em 2022.<\/p>\n","protected":false},"excerpt":{"rendered":"<p>Benef\u00edcio ser\u00e1 disponibilizado para moradores de Laje do Muria\u00e9 e Carapebus atingidos pela chuva de<\/p>\n","protected":false},"author":2,"featured_media":50128,"comment_status":"open","ping_status":"open","sticky":false,"template":"","format":"standard","meta":{"footnotes":""},"categories":[18,17],"tags":[],"class_list":["post-50127","post","type-post","status-publish","format-standard","has-post-thumbnail","hentry","category-economia","category-outras-noticias"],"_links":{"self":[{"href":"https:\/\/tvc16.com\/portal\/wp-json\/wp\/v2\/posts\/50127","targetHints":{"allow":["GET"]}}],"collection":[{"href":"https:\/\/tvc16.com\/portal\/wp-json\/wp\/v2\/posts"}],"about":[{"href":"https:\/\/tvc16.com\/portal\/wp-json\/wp\/v2\/types\/post"}],"author":[{"embeddable":true,"href":"https:\/\/tvc16.com\/portal\/wp-json\/wp\/v2\/users\/2"}],"replies":[{"embeddable":true,"href":"https:\/\/tvc16.com\/portal\/wp-json\/wp\/v2\/comments?post=50127"}],"version-history":[{"count":1,"href":"https:\/\/tvc16.com\/portal\/wp-json\/wp\/v2\/posts\/50127\/revisions"}],"predecessor-version":[{"id":50130,"href":"https:\/\/tvc16.com\/portal\/wp-json\/wp\/v2\/posts\/50127\/revisions\/50130"}],"wp:featuredmedia":[{"embeddable":true,"href":"https:\/\/tvc16.com\/portal\/wp-json\/wp\/v2\/media\/50128"}],"wp:attachment":[{"href":"https:\/\/tvc16.com\/portal\/wp-json\/wp\/v2\/media?parent=50127"}],"wp:term":[{"taxonomy":"category","embeddable":true,"href":"https:\/\/tvc16.com\/portal\/wp-json\/wp\/v2\/categories?post=50127"},{"taxonomy":"post_tag","embeddable":true,"href":"https:\/\/tvc16.com\/portal\/wp-json\/wp\/v2\/tags?post=50127"}],"curies":[{"name":"wp","href":"https:\/\/api.w.org\/{rel}","templated":true}]}}