{"id":50131,"date":"2022-12-25T10:00:00","date_gmt":"2022-12-25T13:00:00","guid":{"rendered":"https:\/\/tvc16.com\/portal\/?p=50131"},"modified":"2022-12-23T22:34:20","modified_gmt":"2022-12-24T01:34:20","slug":"policia-militar-vai-atuar-em-pontos-para-controlar-acessos-a-avenida-atlantica","status":"publish","type":"post","link":"https:\/\/tvc16.com\/portal\/2022\/12\/25\/policia-militar-vai-atuar-em-pontos-para-controlar-acessos-a-avenida-atlantica\/","title":{"rendered":"Pol\u00edcia Militar vai atuar em pontos para controlar acessos \u00e0 Avenida Atl\u00e2ntica"},"content":{"rendered":"\n<p>Para garantir a seguran\u00e7a de cariocas e turistas na orla de Copacabana, durante a maior festa de r\u00e9veillon do pa\u00eds, a Secretaria de Estado de Pol\u00edcia Militar do Rio de Janeiro vai ampliar o efetivo de policiais militares e lan\u00e7ar novidades com objetivo de reduzir ao m\u00e1ximo a incid\u00eancia criminal entre os dias 31 de dezembro de 2022 e 01 de janeiro de 2023.<\/p>\n\n\n\n<p>Entre as novidades a serem implantadas, durante a tarde de s\u00e1bado e o final da madrugada de domingo, vale destacar quatro: bloqueios de revistas com policiais militares equipados com detectores de metais; instala\u00e7\u00e3o de torres de observa\u00e7\u00e3o equipadas com canh\u00e3o de luz na faixa de areia pr\u00f3ximo ao espelho d&#8217;\u00e1gua; utiliza\u00e7\u00e3o de quadriciclos para possibilitar deslocamentos r\u00e1pidos; e instala\u00e7\u00e3o de tendas em pontos estrat\u00e9gicos na faixa de areia.<\/p>\n\n\n\n<p>Somente na orla de Copacabana e em \u00e1reas de acesso mais pr\u00f3ximas, ser\u00e3o empregados policiais militares de batalh\u00f5es de \u00e1rea, que atuar\u00e3o em apoio ao 19\u00ba BPM (Copacabana) e de unidades do Comando de Opera\u00e7\u00f5es Especiais (COE) e do Comando de Policiamento Especializado (CPE).<\/p>\n\n\n\n<p>&#8211; Esse planejamento \u00e9 resultado da experi\u00eancia que temos adquirido ao longo do tempo. A cada ano aprimoramos a nossa expertise em seguran\u00e7a de grandes eventos. E essa capacidade operacional da nossa tropa tem sido muito potencializada pelo emprego de recursos tecnol\u00f3gicos \u2013 afirma o secret\u00e1rio da SEPM, coronel Luiz Henrique Marinho Pires.<\/p>\n\n\n\n<p>O planejamento foi apresentado a representantes de outras institui\u00e7\u00f5es p\u00fablicas envolvidas, como Corpo de Bombeiros e equipes da \u00e1rea de seguran\u00e7a da Prefeitura do Rio. O policiamento especial concentrar\u00e1 o maior contingente entre 14h de s\u00e1bado e 04h de domingo.<\/p>\n\n\n\n<p>Com apoio de imagens geradas por aeronaves do Grupamento Aerom\u00f3vel (GAM) \u2013 helic\u00f3pteros e drones -, &nbsp;o planejamento contempla o controle do fluxo de p\u00fablico, estimado em duas milh\u00f5es de pessoas, antes, durante e depois dos festejos. Al\u00e9m do espet\u00e1culo dos fogos, est\u00e3o programados dois megashows \u2013 um no palco na altura da Rua Santa Clara e outro em frente ao hotel Copacabana Palace.<\/p>\n\n\n\n<p>Haver\u00e1 29 pontos de bloqueio, sendo 13 de interdi\u00e7\u00e3o de tr\u00e2nsito e 16 locais de revista, como utiliza\u00e7\u00e3o de grades de prote\u00e7\u00e3o.&nbsp; Em cada um desses locais de revista, estar\u00e3o atuando 15 policiais com detectores de metais para coibir o acesso de pessoas com armas de fogo, armas brancas e objetos perfurocortantes em geral. Nos pontos de revista, os policiais distribuir\u00e3o pulseiras para crian\u00e7as, colocando n\u00fameros de telefones de contato em caso de desaparecimento.<\/p>\n\n\n\n<p>A utiliza\u00e7\u00e3o de grades m\u00f3veis de prote\u00e7\u00e3o ao longo das ruas que d\u00e3o acesso \u00e0 orla criar\u00e1 um cintur\u00e3o de monitoramento no per\u00edmetro. A estrat\u00e9gia j\u00e1 foi utilizada no Carnaval de 2020 (antes da pandemia da Covid-19) na regi\u00e3o central da capital para controlar o acesso de foli\u00f5es nas \u00e1reas onde desfilaram os megablocos. Nos sete desfiles, o resultado foi bastante positivo: a revista impediu que cerca de 150 facas, 55 estiletes e 40 tesouras, entre outros instrumentos, entrassem na \u00e1rea de desfiles. At\u00e9 mesmo uma arma de choque foi encontrada pelas equipes durante a chegada dos foli\u00f5es.<\/p>\n\n\n\n<p>As torres de monitoramento de seguran\u00e7a, que abrigam policiais em observa\u00e7\u00e3o cont\u00ednua da movimenta\u00e7\u00e3o no cal\u00e7ad\u00e3o e na faixa de areia &nbsp;para ampliar a visibilidade. Ser\u00e3o 30 torres, cada uma com 1,20 m de altura e 10 metros quadrados de \u00e1rea interna. Das 39 torres, 15 ser\u00e3o posicionadas no cal\u00e7ad\u00e3o e 15 na faixa de areia pr\u00f3ximo ao espelho d&#8217;\u00e1gua.<\/p>\n\n\n\n<p>Outra novidade ser\u00e1 a instala\u00e7\u00e3o de tendas na faixa de areia. Ser\u00e3o 05 tendas posicionadas em pontos estrat\u00e9gicos, cada uma delas podendo abrigar at\u00e9 10 policiais dependendo do hor\u00e1rio.<\/p>\n\n\n\n<p>Tamb\u00e9m fazem parte do planejamento 64 pontos de baseamento com viaturas em toda a extens\u00e3o da Avenida Atl\u00e2ntica e ruas internas do bairro. Haver\u00e1 ainda emprego de policiamento a p\u00e9 para refor\u00e7ar o policiamento em locais de maior demanda, como por exemplo nas imedia\u00e7\u00f5es dos palcos, e a utiliza\u00e7\u00e3o de 08 cabinas, cada &nbsp;uma delas servindo como base para at\u00e9 04 policiais.<\/p>\n\n\n\n<p>O policiamento do r\u00e9veillon em Copacabana servir\u00e1 tamb\u00e9m como um importante teste para o projeto experimental de georreferenciamento das equipes j\u00e1 adotado no 19\u00ba BPM (Copacabana) em outras tr\u00eas unidades de \u00e1rea \u2013 4\u00ba BPM (S\u00e3o Crist\u00f3v\u00e3o), 5\u00ba BPM (Pra\u00e7a da Harmonia) e 23\u00ba BPM (Leblon). Esse projeto permite que os centros de opera\u00e7\u00f5es da Corpora\u00e7\u00e3o monitorem em tempo real a localiza\u00e7\u00e3o dos policiais da unidade, por meio de um GPS acoplado \u00e0s c\u00e2meras port\u00e1teis.<\/p>\n\n\n\n<p>Durante o r\u00e9veillon de Copacabana, esse monitoramento poder\u00e1 ser feito pelos operadores instalados na sala de opera\u00e7\u00f5es do 19\u00ba BPM e no CICC (Centro Integrado de Comando e Controle) da Corpora\u00e7\u00e3o. As imagens captadas pelas c\u00e2meras da Prefeitura ser\u00e3o transmitidas em tempo real para o centro de opera\u00e7\u00f5es do 19\u00ba BPM e o CICC.<\/p>\n","protected":false},"excerpt":{"rendered":"<p>Para garantir a seguran\u00e7a de cariocas e turistas na orla de Copacabana, durante a maior<\/p>\n","protected":false},"author":2,"featured_media":50132,"comment_status":"open","ping_status":"open","sticky":false,"template":"","format":"standard","meta":{"footnotes":""},"categories":[21,264,18,17,118],"tags":[],"class_list":["post-50131","post","type-post","status-publish","format-standard","has-post-thumbnail","hentry","category-cultura","category-destaque","category-economia","category-outras-noticias","category-programacao"],"_links":{"self":[{"href":"https:\/\/tvc16.com\/portal\/wp-json\/wp\/v2\/posts\/50131","targetHints":{"allow":["GET"]}}],"collection":[{"href":"https:\/\/tvc16.com\/portal\/wp-json\/wp\/v2\/posts"}],"about":[{"href":"https:\/\/tvc16.com\/portal\/wp-json\/wp\/v2\/types\/post"}],"author":[{"embeddable":true,"href":"https:\/\/tvc16.com\/portal\/wp-json\/wp\/v2\/users\/2"}],"replies":[{"embeddable":true,"href":"https:\/\/tvc16.com\/portal\/wp-json\/wp\/v2\/comments?post=50131"}],"version-history":[{"count":1,"href":"https:\/\/tvc16.com\/portal\/wp-json\/wp\/v2\/posts\/50131\/revisions"}],"predecessor-version":[{"id":50133,"href":"https:\/\/tvc16.com\/portal\/wp-json\/wp\/v2\/posts\/50131\/revisions\/50133"}],"wp:featuredmedia":[{"embeddable":true,"href":"https:\/\/tvc16.com\/portal\/wp-json\/wp\/v2\/media\/50132"}],"wp:attachment":[{"href":"https:\/\/tvc16.com\/portal\/wp-json\/wp\/v2\/media?parent=50131"}],"wp:term":[{"taxonomy":"category","embeddable":true,"href":"https:\/\/tvc16.com\/portal\/wp-json\/wp\/v2\/categories?post=50131"},{"taxonomy":"post_tag","embeddable":true,"href":"https:\/\/tvc16.com\/portal\/wp-json\/wp\/v2\/tags?post=50131"}],"curies":[{"name":"wp","href":"https:\/\/api.w.org\/{rel}","templated":true}]}}