{"id":50138,"date":"2022-12-25T17:00:00","date_gmt":"2022-12-25T20:00:00","guid":{"rendered":"https:\/\/tvc16.com\/portal\/?p=50138"},"modified":"2022-12-23T22:44:35","modified_gmt":"2022-12-24T01:44:35","slug":"rio-de-janeiro-vai-receber-plataforma-de-desenvolvimento-de-projetos-em-energia-renovavel","status":"publish","type":"post","link":"https:\/\/tvc16.com\/portal\/2022\/12\/25\/rio-de-janeiro-vai-receber-plataforma-de-desenvolvimento-de-projetos-em-energia-renovavel\/","title":{"rendered":"<strong>Rio de Janeiro vai receber plataforma de desenvolvimento de projetos em energia renov\u00e1vel<\/strong>"},"content":{"rendered":"\n<p>Durante reuni\u00e3o com a Secretaria de Desenvolvimento Econ\u00f4mico do Governo do Estado do Rio de Janeiro, nesta quinta-feira (22\/12), a GNA \u2013 G\u00e1s Natural A\u00e7u, joint venture formada pela Prumo, bp, Siemens e Spic Brasil \u2013 anunciou que ir\u00e1 financiar a implementa\u00e7\u00e3o de uma plataforma para desenvolvimento de projetos em energia renov\u00e1vel. <\/p>\n\n\n\n<p>De acordo com o cons\u00f3rcio, a iniciativa foi possibilitada gra\u00e7as ao decreto estadual 45.308\/2015, regulamentado em setembro deste ano, que concede tratamento tribut\u00e1rio especial para usinas de gera\u00e7\u00e3o de energia el\u00e9trica.<\/p>\n\n\n\n<p>Segundo o decreto, empresas beneficiadas pela isen\u00e7\u00e3o tribut\u00e1ria na aquisi\u00e7\u00e3o do g\u00e1s natural devem investir pelo menos 2% do custo vari\u00e1vel relativo ao combust\u00edvel em projetos de energias renov\u00e1veis como mecanismo de compensa\u00e7\u00e3o energ\u00e9tica. Estes recursos podem ser utilizados tamb\u00e9m em projetos de conserva\u00e7\u00e3o de energia em pr\u00e9dios p\u00fablicos, de ilumina\u00e7\u00e3o p\u00fablica, de monumentos de interesse tur\u00edstico ou em estudos sobre o setor energ\u00e9tico do Estado do Rio de Janeiro.<\/p>\n\n\n\n<p>&#8211;&nbsp; A implementa\u00e7\u00e3o dessa iniciativa demonstra, mais uma vez, o quanto nosso trabalho tem facilitado e expandido as oportunidades de neg\u00f3cios, atraindo novos investimentos que contribuem para a recupera\u00e7\u00e3o da economia do estado \u2013 comemorou o governador Cl\u00e1udio Castro.<\/p>\n\n\n\n<p>Denominada de Marketplace Solar, a nova ferramenta ser\u00e1 desenvolvida pelo IAG-Escola de Neg\u00f3cios da PUC\/RJ. O objetivo da nova plataforma \u00e9 integrar os consumidores que desejam investir em gera\u00e7\u00e3o distribu\u00edda solar, situados no estado do Rio, com os fornecedores de equipamentos, terrenos, materiais e toda cadeia necess\u00e1ria para a viabiliza\u00e7\u00e3o do projeto.&nbsp;<\/p>\n\n\n\n<p>\u2013&nbsp; A concretiza\u00e7\u00e3o de uma iniciativa deste porte vai estimular ainda mais a melhoria da efici\u00eancia energ\u00e9tica e a gera\u00e7\u00e3o de energia limpa, barata e renov\u00e1vel no estado, trazendo mais benef\u00edcios para a economia fluminense \u2013 destacou o secret\u00e1rio de Desenvolvimento Econ\u00f4mico, Energia e Rela\u00e7\u00f5es Internacionais, C\u00e1ssio Coelho.<\/p>\n\n\n\n<p>O desenvolvimento da nova plataforma representa o primeiro projeto dentro do mecanismo de compensa\u00e7\u00e3o energ\u00e9tica.<\/p>\n\n\n\n<p>&#8211; \u00c9 com orgulho que anunciamos esta parceria. Parabenizamos ainda o Governo do Rio pela aprova\u00e7\u00e3o deste decreto em prol do desenvolvimento de novos neg\u00f3cios a partir fontes renov\u00e1veis no estado. A GNA tem como estrat\u00e9gia de atua\u00e7\u00e3o a gera\u00e7\u00e3o de energia com apoio ao desenvolvimento local e a gera\u00e7\u00e3o de valor compartilhado. E \u00e9 a partir deste modelo que estruturaremos os nossos pr\u00f3ximos projetos \u2013 afirmou Guilherme Penteado, diretor de Regula\u00e7\u00e3o da GNA.&nbsp;<\/p>\n\n\n\n<p>\u2013 A plataforma de neg\u00f3cios foi desenvolvida para dar mais visibilidade aos projetos de energia renov\u00e1vel no estado, fomentando novos neg\u00f3cios e atraindo novos investimentos para o Rio de Janeiro \u2013 explicou Jo\u00e3o Ferreira, gerente de Novos Neg\u00f3cios da PUC\/RJ.<\/p>\n","protected":false},"excerpt":{"rendered":"<p>Durante reuni\u00e3o com a Secretaria de Desenvolvimento Econ\u00f4mico do Governo do Estado do Rio de<\/p>\n","protected":false},"author":2,"featured_media":50139,"comment_status":"open","ping_status":"open","sticky":false,"template":"","format":"standard","meta":{"footnotes":""},"categories":[18,17,14],"tags":[],"class_list":["post-50138","post","type-post","status-publish","format-standard","has-post-thumbnail","hentry","category-economia","category-outras-noticias","category-pais"],"_links":{"self":[{"href":"https:\/\/tvc16.com\/portal\/wp-json\/wp\/v2\/posts\/50138","targetHints":{"allow":["GET"]}}],"collection":[{"href":"https:\/\/tvc16.com\/portal\/wp-json\/wp\/v2\/posts"}],"about":[{"href":"https:\/\/tvc16.com\/portal\/wp-json\/wp\/v2\/types\/post"}],"author":[{"embeddable":true,"href":"https:\/\/tvc16.com\/portal\/wp-json\/wp\/v2\/users\/2"}],"replies":[{"embeddable":true,"href":"https:\/\/tvc16.com\/portal\/wp-json\/wp\/v2\/comments?post=50138"}],"version-history":[{"count":1,"href":"https:\/\/tvc16.com\/portal\/wp-json\/wp\/v2\/posts\/50138\/revisions"}],"predecessor-version":[{"id":50140,"href":"https:\/\/tvc16.com\/portal\/wp-json\/wp\/v2\/posts\/50138\/revisions\/50140"}],"wp:featuredmedia":[{"embeddable":true,"href":"https:\/\/tvc16.com\/portal\/wp-json\/wp\/v2\/media\/50139"}],"wp:attachment":[{"href":"https:\/\/tvc16.com\/portal\/wp-json\/wp\/v2\/media?parent=50138"}],"wp:term":[{"taxonomy":"category","embeddable":true,"href":"https:\/\/tvc16.com\/portal\/wp-json\/wp\/v2\/categories?post=50138"},{"taxonomy":"post_tag","embeddable":true,"href":"https:\/\/tvc16.com\/portal\/wp-json\/wp\/v2\/tags?post=50138"}],"curies":[{"name":"wp","href":"https:\/\/api.w.org\/{rel}","templated":true}]}}