{"id":50152,"date":"2022-12-24T18:00:00","date_gmt":"2022-12-24T21:00:00","guid":{"rendered":"https:\/\/tvc16.com\/portal\/?p=50152"},"modified":"2022-12-24T00:03:05","modified_gmt":"2022-12-24T03:03:05","slug":"alunos-de-teresopolis-recebem-medalha-de-bronze-na-obmep","status":"publish","type":"post","link":"https:\/\/tvc16.com\/portal\/2022\/12\/24\/alunos-de-teresopolis-recebem-medalha-de-bronze-na-obmep\/","title":{"rendered":"Alunos de Teres\u00f3polis recebem medalha de bronze na OBMEP"},"content":{"rendered":"\n<p>Guilherme Mattos<\/p>\n\n\n\n<p>Lucas Mattos Delgado, aluno da Escola Municipal Ginda Bloch, e Bruno Sch\u00fctte Brendolin, estudante do Centro Educacional Nossa Senhora de F\u00e1tima (CENSF), receberam medalha de bronze na 17\u00aa edi\u00e7\u00e3o da Olimp\u00edada Brasileira de Matem\u00e1tica das Escolas P\u00fablicas (OBMEP). A lista de premiados foi divulgada na \u00faltima ter\u00e7a-feira (20) e as cerim\u00f4nias de premia\u00e7\u00e3o ainda v\u00e3o ser marcadas pelo Instituto de Matem\u00e1tica Pura e Aplicada (IMPA).<\/p>\n\n\n\n<p>\u201cMais uma vez, alunos da Rede Municipal de Ensino se destacam em competi\u00e7\u00f5es de n\u00edvel nacional, ficando entre os melhores de todo o Brasil, e isso \u00e9 motivo de muito orgulho para n\u00f3s. Parabenizamos o Lucas e o Bruno pela conquista numa prova de t\u00e3o alto n\u00edvel! Parab\u00e9ns tamb\u00e9m aos estudantes que receberam certificados de Men\u00e7\u00e3o Honrosa e \u00e0s escolas pelo trabalho de excel\u00eancia\u201d, disse a secret\u00e1ria de Educa\u00e7\u00e3o, Satiele Santos.<\/p>\n\n\n\n<p>A prova \u00e9 um projeto nacional criado em 2005 realizado pelo IMPA voltado para as escolas p\u00fablicas e privadas brasileiras. O objetivo da prova \u00e9 estimular e promover o estudo da matem\u00e1tica, contribuir para a melhora da qualidade de ensino e at\u00e9 identificar talentos na \u00e1rea. A avalia\u00e7\u00e3o \u00e9 aplicada entre alunos do 6\u00ba ano do fundamental at\u00e9 o 3\u00ba ano do ensino m\u00e9dio.<\/p>\n","protected":false},"excerpt":{"rendered":"<p>Guilherme Mattos Lucas Mattos Delgado, aluno da Escola Municipal Ginda Bloch, e Bruno Sch\u00fctte Brendolin,<\/p>\n","protected":false},"author":2,"featured_media":50153,"comment_status":"open","ping_status":"open","sticky":false,"template":"","format":"standard","meta":{"footnotes":""},"categories":[21,264,19,17],"tags":[],"class_list":["post-50152","post","type-post","status-publish","format-standard","has-post-thumbnail","hentry","category-cultura","category-destaque","category-educacao","category-outras-noticias"],"_links":{"self":[{"href":"https:\/\/tvc16.com\/portal\/wp-json\/wp\/v2\/posts\/50152","targetHints":{"allow":["GET"]}}],"collection":[{"href":"https:\/\/tvc16.com\/portal\/wp-json\/wp\/v2\/posts"}],"about":[{"href":"https:\/\/tvc16.com\/portal\/wp-json\/wp\/v2\/types\/post"}],"author":[{"embeddable":true,"href":"https:\/\/tvc16.com\/portal\/wp-json\/wp\/v2\/users\/2"}],"replies":[{"embeddable":true,"href":"https:\/\/tvc16.com\/portal\/wp-json\/wp\/v2\/comments?post=50152"}],"version-history":[{"count":1,"href":"https:\/\/tvc16.com\/portal\/wp-json\/wp\/v2\/posts\/50152\/revisions"}],"predecessor-version":[{"id":50154,"href":"https:\/\/tvc16.com\/portal\/wp-json\/wp\/v2\/posts\/50152\/revisions\/50154"}],"wp:featuredmedia":[{"embeddable":true,"href":"https:\/\/tvc16.com\/portal\/wp-json\/wp\/v2\/media\/50153"}],"wp:attachment":[{"href":"https:\/\/tvc16.com\/portal\/wp-json\/wp\/v2\/media?parent=50152"}],"wp:term":[{"taxonomy":"category","embeddable":true,"href":"https:\/\/tvc16.com\/portal\/wp-json\/wp\/v2\/categories?post=50152"},{"taxonomy":"post_tag","embeddable":true,"href":"https:\/\/tvc16.com\/portal\/wp-json\/wp\/v2\/tags?post=50152"}],"curies":[{"name":"wp","href":"https:\/\/api.w.org\/{rel}","templated":true}]}}