{"id":50168,"date":"2022-12-25T09:00:00","date_gmt":"2022-12-25T12:00:00","guid":{"rendered":"https:\/\/tvc16.com\/portal\/?p=50168"},"modified":"2022-12-24T08:38:28","modified_gmt":"2022-12-24T11:38:28","slug":"agronegocio-brasileiro-exportou-us-148-bilhoes-em-2022","status":"publish","type":"post","link":"https:\/\/tvc16.com\/portal\/2022\/12\/25\/agronegocio-brasileiro-exportou-us-148-bilhoes-em-2022\/","title":{"rendered":"Agroneg\u00f3cio brasileiro exportou US$ 148 bilh\u00f5es em 2022"},"content":{"rendered":"\n<p>O\u00a0agroneg\u00f3cio\u00a0brasileiro exportou, segundo os \u00faltimos dados do\u00a0Minist\u00e9rio da Agricultura, US$\u00a0148 bilh\u00f5es em 2022\u00a0e, segundo o chefe da assessoria especial de assuntos estrat\u00e9gicos da pasta,\u00a0Guilherme Bastos, \u00e9 exportado aquilo que n\u00e3o \u00e9 consumido no Brasil. \u00a0Bastos foi entrevistado nesta sexta-feira (23) no programa\u00a0<em>A Voz do Brasil.<\/em><\/p>\n\n\n\n<p>\u201cSe h\u00e1 um problema de gente ainda com inseguran\u00e7a alimentar, \u00e9 um problema de uma composi\u00e7\u00e3o de uma malha de programas sociais que devem acessar essas pessoas, mas em termos de produ\u00e7\u00e3o n\u00f3s produzimos o suficiente para abastecer o mercado interno e tamb\u00e9m exportar. E se exportamos, \u00e9 por alguma quest\u00e3o. Tem pre\u00e7o competitivo, que atrai o mercado internacional para comprar os nossos produtos, qualidade no produto, e com isso n\u00f3s continuamos acessando e abrindo cada vez mais mercados\u201d, disse Bastos.<\/p>\n\n\n\n<p>A China \u00e9 o principal mercado dos produtos agropecu\u00e1rios brasileiros, respondendo por 1\/3 das exporta\u00e7\u00f5es, e, segundo Bastos, foram abertos mais de 200 mercados em mais de 50 pa\u00edses.<\/p>\n\n\n\n<p>Bastos tamb\u00e9m comentou sobre a quest\u00e3o da sustentabilidade na agricultura brasileira. \u201cO minist\u00e9rio tem trabalhado as ferramentas para que voc\u00ea possa promover essa rastreabilidade dentro das cadeias produtivas, estamos trabalhando tamb\u00e9m com indicadores socioambientais, para disponibilizar isso para a sociedade, para que as certifica\u00e7\u00f5es possam ser facilitadas e habilitadas. Esse n\u00e3o \u00e9 um processo\u2026 O pessoal esquece da dimens\u00e3o continental n\u00e3o s\u00f3 do Brasil, como da nossa agropecu\u00e1ria, ent\u00e3o \u00e9 um processo que tem uma cad\u00eancia.\u201d<\/p>\n\n\n\n<p>Ele destacou tamb\u00e9m o plano safra de R$ 340 bilh\u00f5es que foi colocado \u00e0 disposi\u00e7\u00e3o da agropecu\u00e1ria brasileira, sendo 70% destinado para a agricultura familiar. \u201cIsso \u00e9 muito mal interpretado, [com as pessoas] achando que \u00e9 recurso p\u00fablico. Desse volume, o que voc\u00ea tem de recurso p\u00fablico efetivamente colocado s\u00e3o R$ 12,4 bilh\u00f5es, que \u00e9 exatamente o volume de recurso que vai para pagar a diferen\u00e7a da taxa de juros do mercado com a taxa de juros acordada no\u00a0Plano Safra\u201d.<\/p>\n","protected":false},"excerpt":{"rendered":"<p>O\u00a0agroneg\u00f3cio\u00a0brasileiro exportou, segundo os \u00faltimos dados do\u00a0Minist\u00e9rio da Agricultura, US$\u00a0148 bilh\u00f5es em 2022\u00a0e, segundo o<\/p>\n","protected":false},"author":2,"featured_media":50169,"comment_status":"open","ping_status":"open","sticky":false,"template":"","format":"standard","meta":{"footnotes":""},"categories":[18,14],"tags":[],"class_list":["post-50168","post","type-post","status-publish","format-standard","has-post-thumbnail","hentry","category-economia","category-pais"],"_links":{"self":[{"href":"https:\/\/tvc16.com\/portal\/wp-json\/wp\/v2\/posts\/50168","targetHints":{"allow":["GET"]}}],"collection":[{"href":"https:\/\/tvc16.com\/portal\/wp-json\/wp\/v2\/posts"}],"about":[{"href":"https:\/\/tvc16.com\/portal\/wp-json\/wp\/v2\/types\/post"}],"author":[{"embeddable":true,"href":"https:\/\/tvc16.com\/portal\/wp-json\/wp\/v2\/users\/2"}],"replies":[{"embeddable":true,"href":"https:\/\/tvc16.com\/portal\/wp-json\/wp\/v2\/comments?post=50168"}],"version-history":[{"count":1,"href":"https:\/\/tvc16.com\/portal\/wp-json\/wp\/v2\/posts\/50168\/revisions"}],"predecessor-version":[{"id":50170,"href":"https:\/\/tvc16.com\/portal\/wp-json\/wp\/v2\/posts\/50168\/revisions\/50170"}],"wp:featuredmedia":[{"embeddable":true,"href":"https:\/\/tvc16.com\/portal\/wp-json\/wp\/v2\/media\/50169"}],"wp:attachment":[{"href":"https:\/\/tvc16.com\/portal\/wp-json\/wp\/v2\/media?parent=50168"}],"wp:term":[{"taxonomy":"category","embeddable":true,"href":"https:\/\/tvc16.com\/portal\/wp-json\/wp\/v2\/categories?post=50168"},{"taxonomy":"post_tag","embeddable":true,"href":"https:\/\/tvc16.com\/portal\/wp-json\/wp\/v2\/tags?post=50168"}],"curies":[{"name":"wp","href":"https:\/\/api.w.org\/{rel}","templated":true}]}}