{"id":50171,"date":"2022-12-25T11:00:00","date_gmt":"2022-12-25T14:00:00","guid":{"rendered":"https:\/\/tvc16.com\/portal\/?p=50171"},"modified":"2022-12-24T09:08:03","modified_gmt":"2022-12-24T12:08:03","slug":"covid-19-brasil-registra-91-mortes-e-314-mil-casos-em-24-horas","status":"publish","type":"post","link":"https:\/\/tvc16.com\/portal\/2022\/12\/25\/covid-19-brasil-registra-91-mortes-e-314-mil-casos-em-24-horas\/","title":{"rendered":"Covid-19: Brasil registra 91 mortes e 31,4 mil casos em 24 horas"},"content":{"rendered":"\n<p>As secretarias estaduais e municipais de Sa\u00fade registraram 31.492 novos casos de covid-19 nas 24 horas entre quinta para sexta-feira, 23, em todo o pa\u00eds. De acordo com os \u00f3rg\u00e3os, foram confirmadas tamb\u00e9m 91 mortes por complica\u00e7\u00f5es associadas \u00e0 doen\u00e7a no mesmo per\u00edodo.&nbsp;<img decoding=\"async\" src=\"https:\/\/agenciabrasil.ebc.com.br\/ebc.png?id=1499769&amp;o=node\"><img decoding=\"async\" src=\"https:\/\/agenciabrasil.ebc.com.br\/ebc.gif?id=1499769&amp;o=node\"><\/p>\n\n\n\n<p>Os dados est\u00e3o na atualiza\u00e7\u00e3o do Minist\u00e9rio da Sa\u00fade divulgada nesta sexta-feira (23), com exce\u00e7\u00e3o das informa\u00e7\u00f5es do Tocantins, Mato Grosso do Sul, Piau\u00ed e Acre, que n\u00e3o foram divulgadas pelos respectivos governos estaduais. &nbsp;<\/p>\n\n\n\n<p>Com as novas informa\u00e7\u00f5es, o total de pessoas infectadas pelo novo coronav\u00edrus durante a pandemia j\u00e1 soma 36.124.337.<\/p>\n\n\n\n<p>O n\u00famero de casos em acompanhamento de covid-19 est\u00e1 em 709.055. O termo \u00e9 dado para designar casos notificados nos \u00faltimos 14 dias que n\u00e3o tiveram alta e nem resultaram em \u00f3bito.<\/p>\n\n\n\n<p>Com os n\u00fameros de hoje, o total de \u00f3bitos alcan\u00e7ou 692.743, desde o in\u00edcio da pandemia. Ainda h\u00e1 3.197 mortes em investiga\u00e7\u00e3o. As ocorr\u00eancias envolvem casos em que o paciente faleceu, mas a investiga\u00e7\u00e3o se a causa foi covid-19 ainda demanda exames e procedimentos complementares.<\/p>\n\n\n\n<p>At\u00e9 agora, 34.722.539 pessoas se recuperaram da covid-19. O n\u00famero corresponde a 96,1% dos infectados desde o in\u00edcio da pandemia.<\/p>\n\n\n\n<h2 class=\"wp-block-heading\">Estados<\/h2>\n\n\n\n<p>Segundo o balan\u00e7o do Minist\u00e9rio da Sa\u00fade, maior n\u00famero mortes por covid-19 registradas at\u00e9 o momento est\u00e3o em S\u00e3o Paulo (177.172), no Rio de Janeiro (76.341), em Minas Gerais (64.258), no Paran\u00e1 (45.671) e no Rio Grande do Sul (41.436).<\/p>\n\n\n\n<p>J\u00e1 os estados com menos \u00f3bitos resultantes da pandemia s\u00e3o Acre (2.036), Amap\u00e1 (2.165), Roraima (2.180), Tocantins (4.208) e Sergipe (6.481).<\/p>\n\n\n\n<h2 class=\"wp-block-heading\">Vacina\u00e7\u00e3o<\/h2>\n\n\n\n<p>At\u00e9 esta sexta, o vacin\u00f4metro do Minist\u00e9rio da Sa\u00fade apontava que um total de 497,4 milh\u00f5es doses de vacinas contra covid-19 foram aplicadas no pa\u00eds, desde o in\u00edcio da campanha de imuniza\u00e7\u00e3o. Destas aplica\u00e7\u00f5es totais de vacina, 181,4 milh\u00f5es s\u00e3o primeira dose, 163,8 milh\u00f5es s\u00e3o segunda e 5 milh\u00f5es s\u00e3o dose \u00fanica.&nbsp;<\/p>\n\n\n\n<p>A dose de refor\u00e7o foi aplicada em mais de 102,3 milh\u00f5es de pessoas e a segunda dose extra ou quarta dose, em pouco mais de 39,9 milh\u00f5es. O painel registra ainda 4,9 milh\u00f5es de doses como &#8220;adicionais&#8221;, que s\u00e3o aquelas aplicadas em quem tinha recebido o imunizante da Janssen, de dose \u00fanica.<\/p>\n","protected":false},"excerpt":{"rendered":"<p>As secretarias estaduais e municipais de Sa\u00fade registraram 31.492 novos casos de covid-19 nas 24<\/p>\n","protected":false},"author":2,"featured_media":50172,"comment_status":"open","ping_status":"open","sticky":false,"template":"","format":"standard","meta":{"footnotes":""},"categories":[17,14,13],"tags":[],"class_list":["post-50171","post","type-post","status-publish","format-standard","has-post-thumbnail","hentry","category-outras-noticias","category-pais","category-saude"],"_links":{"self":[{"href":"https:\/\/tvc16.com\/portal\/wp-json\/wp\/v2\/posts\/50171","targetHints":{"allow":["GET"]}}],"collection":[{"href":"https:\/\/tvc16.com\/portal\/wp-json\/wp\/v2\/posts"}],"about":[{"href":"https:\/\/tvc16.com\/portal\/wp-json\/wp\/v2\/types\/post"}],"author":[{"embeddable":true,"href":"https:\/\/tvc16.com\/portal\/wp-json\/wp\/v2\/users\/2"}],"replies":[{"embeddable":true,"href":"https:\/\/tvc16.com\/portal\/wp-json\/wp\/v2\/comments?post=50171"}],"version-history":[{"count":2,"href":"https:\/\/tvc16.com\/portal\/wp-json\/wp\/v2\/posts\/50171\/revisions"}],"predecessor-version":[{"id":50175,"href":"https:\/\/tvc16.com\/portal\/wp-json\/wp\/v2\/posts\/50171\/revisions\/50175"}],"wp:featuredmedia":[{"embeddable":true,"href":"https:\/\/tvc16.com\/portal\/wp-json\/wp\/v2\/media\/50172"}],"wp:attachment":[{"href":"https:\/\/tvc16.com\/portal\/wp-json\/wp\/v2\/media?parent=50171"}],"wp:term":[{"taxonomy":"category","embeddable":true,"href":"https:\/\/tvc16.com\/portal\/wp-json\/wp\/v2\/categories?post=50171"},{"taxonomy":"post_tag","embeddable":true,"href":"https:\/\/tvc16.com\/portal\/wp-json\/wp\/v2\/tags?post=50171"}],"curies":[{"name":"wp","href":"https:\/\/api.w.org\/{rel}","templated":true}]}}