{"id":50176,"date":"2022-12-25T18:00:00","date_gmt":"2022-12-25T21:00:00","guid":{"rendered":"https:\/\/tvc16.com\/portal\/?p=50176"},"modified":"2022-12-24T09:12:33","modified_gmt":"2022-12-24T12:12:33","slug":"governo-cria-programa-para-descarte-correto-de-vidros-no-pais","status":"publish","type":"post","link":"https:\/\/tvc16.com\/portal\/2022\/12\/25\/governo-cria-programa-para-descarte-correto-de-vidros-no-pais\/","title":{"rendered":"Governo cria programa para descarte correto de vidros no pa\u00eds"},"content":{"rendered":"\n<p>Mais de 1 bilh\u00e3o de garrafas de vidro s\u00e3o descartadas no pa\u00eds, parte de forma inadequada em praias, rios, terrenos baldios e lix\u00f5es. Parte dessas garrafas vai parar em aterros sanit\u00e1rios, que, embora sejam estruturas adequadas, t\u00eam seu tempo de vida \u00fatil reduzido quando recebem materiais que poderiam ser reaproveitados. Para reverter esse cen\u00e1rio o governo federal criou, por decreto, o sistema nacional de log\u00edstica reversa de embalagens de vidro, que faz parte da Pol\u00edtica Nacional de Res\u00edduos S\u00f3lidos.<img decoding=\"async\" src=\"https:\/\/agenciabrasil.ebc.com.br\/ebc.png?id=1499756&amp;o=node\"><img decoding=\"async\" src=\"https:\/\/agenciabrasil.ebc.com.br\/ebc.gif?id=1499756&amp;o=node\"><\/p>\n\n\n\n<p>O decreto estabelece metas para o \u00edndice de reciclagem de embalagens de vidro descart\u00e1veis e para o \u00edndice de conte\u00fado reciclado, que representa o quanto de material reciclado \u00e9 utilizado na fabrica\u00e7\u00e3o de novas embalagens. Os \u00edndices ser\u00e3o monitorados e avaliados a partir da apresenta\u00e7\u00e3o de dados, informa\u00e7\u00f5es e relat\u00f3rios do Minist\u00e9rio do Meio Ambiente. As informa\u00e7\u00f5es podem ser acessadas no site do\u00a0programa Recicla+. Desde o lan\u00e7amento da iniciativa, j\u00e1 foram certificadas mais de 300.000 toneladas de materiais recicl\u00e1veis.\u00a0<\/p>\n\n\n\n<p>As a\u00e7\u00f5es n\u00e3o ter\u00e3o recursos dos cofres p\u00fablicos e ser\u00e3o realizadas pela iniciativa privada, por meio de parcerias entre fabricantes, importadores, distribuidores e comerciantes, de forma semelhante ao que j\u00e1 \u00e9 feito no caso das embalagens retorn\u00e1veis e em v\u00e1rios sistemas de log\u00edstica reversa implantados no pa\u00eds, tais como o sistema de log\u00edstica reversa de eletroeletr\u00f4nicos.<\/p>\n\n\n\n<p>De acordo com Minist\u00e9rio do Meio Ambiente, a falta de regulamenta\u00e7\u00e3o levava empresas a buscarem caco de vidro no exterior, como em pa\u00edses da Europa. Al\u00e9m disso, muitos estados brasileiros n\u00e3o sabiam o que fazer com o vidro descartado. Segundo a pasta, o decreto incentiva a redu\u00e7\u00e3o de custos, \u201cpois quando tais embalagens s\u00e3o direcionadas para a reciclagem, deixam de representar peso e custos no transporte e aterramento\u201d.<\/p>\n\n\n\n<p>A log\u00edstica reversa \u00e9 um sistema que possibilita o retorno de embalagens para o ciclo produtivo, o que contribui para o aumento da reciclagem de vidro no pa\u00eds e, consequentemente, para a redu\u00e7\u00e3o do descarte inadequado no meio ambiente e apresenta efeitos sobre a sa\u00fade p\u00fablica. O ac\u00famulo de \u00e1gua da chuva em garrafas vazias leva \u00e0 prolifera\u00e7\u00e3o de vetores, como, por exemplo, o mosquito&nbsp;<em>Aedes aegypti<\/em>, transmissor da dengue, chikungunya, zika e febre amarela urbana.<\/p>\n\n\n\n<p>A medida tamb\u00e9m tem impacto no clima, pois a reciclagem aumenta a efici\u00eancia energ\u00e9tica na ind\u00fastria fabricante de vidro e reduz a emiss\u00e3o de gases de efeito estufa. O caco de vidro reciclado demanda 40% menos energia e n\u00e3o emite g\u00e1s carb\u00f4nico.<\/p>\n\n\n\n<p>Fabio Massalli &#8211; Ag\u00eancia Brasil<\/p>\n","protected":false},"excerpt":{"rendered":"<p>Mais de 1 bilh\u00e3o de garrafas de vidro s\u00e3o descartadas no pa\u00eds, parte de forma<\/p>\n","protected":false},"author":2,"featured_media":50177,"comment_status":"open","ping_status":"open","sticky":false,"template":"","format":"standard","meta":{"footnotes":""},"categories":[17,14],"tags":[],"class_list":["post-50176","post","type-post","status-publish","format-standard","has-post-thumbnail","hentry","category-outras-noticias","category-pais"],"_links":{"self":[{"href":"https:\/\/tvc16.com\/portal\/wp-json\/wp\/v2\/posts\/50176","targetHints":{"allow":["GET"]}}],"collection":[{"href":"https:\/\/tvc16.com\/portal\/wp-json\/wp\/v2\/posts"}],"about":[{"href":"https:\/\/tvc16.com\/portal\/wp-json\/wp\/v2\/types\/post"}],"author":[{"embeddable":true,"href":"https:\/\/tvc16.com\/portal\/wp-json\/wp\/v2\/users\/2"}],"replies":[{"embeddable":true,"href":"https:\/\/tvc16.com\/portal\/wp-json\/wp\/v2\/comments?post=50176"}],"version-history":[{"count":1,"href":"https:\/\/tvc16.com\/portal\/wp-json\/wp\/v2\/posts\/50176\/revisions"}],"predecessor-version":[{"id":50178,"href":"https:\/\/tvc16.com\/portal\/wp-json\/wp\/v2\/posts\/50176\/revisions\/50178"}],"wp:featuredmedia":[{"embeddable":true,"href":"https:\/\/tvc16.com\/portal\/wp-json\/wp\/v2\/media\/50177"}],"wp:attachment":[{"href":"https:\/\/tvc16.com\/portal\/wp-json\/wp\/v2\/media?parent=50176"}],"wp:term":[{"taxonomy":"category","embeddable":true,"href":"https:\/\/tvc16.com\/portal\/wp-json\/wp\/v2\/categories?post=50176"},{"taxonomy":"post_tag","embeddable":true,"href":"https:\/\/tvc16.com\/portal\/wp-json\/wp\/v2\/tags?post=50176"}],"curies":[{"name":"wp","href":"https:\/\/api.w.org\/{rel}","templated":true}]}}