{"id":50179,"date":"2022-12-24T18:20:00","date_gmt":"2022-12-24T21:20:00","guid":{"rendered":"https:\/\/tvc16.com\/portal\/?p=50179"},"modified":"2022-12-24T18:01:36","modified_gmt":"2022-12-24T21:01:36","slug":"agentes-comunitarios-de-saude-e-de-combate-a-endemias-ja-receberam-o-14o-salario","status":"publish","type":"post","link":"https:\/\/tvc16.com\/portal\/2022\/12\/24\/agentes-comunitarios-de-saude-e-de-combate-a-endemias-ja-receberam-o-14o-salario\/","title":{"rendered":"Agentes Comunit\u00e1rios de Sa\u00fade e de Combate a Endemias j\u00e1 receberam o 14\u00ba Sal\u00e1rio"},"content":{"rendered":"\n<p>\u00c0s v\u00e9speras das festas de fim de ano, os Agentes Comunit\u00e1rios de Sa\u00fade (ACS) e de Combate a Endemias (ACE) do munic\u00edpio t\u00eam um motivo a mais para comemorar. A Prefeitura, por meio da Secretaria de Sa\u00fade, efetuou o pagamento do 14\u00ba sal\u00e1rio dos 399 servidores das \u00e1reas. O \u201cincentivo financeiro adicional\u201d, foi creditado nas contas na quinta-feira (22).<\/p>\n\n\n\n<p>\u201cO trabalho desses agentes \u00e9 fundamental, pois s\u00e3o eles que est\u00e3o em contato direto com a popula\u00e7\u00e3o e prestam um servi\u00e7o importante, principalmente nos per\u00edodos mais dif\u00edceis que enfrentamos este ano. Eles receberam uma m\u00e9dia de 95% sobre o valor do piso salarial, \u201d, disse o prefeito Rubens Bomtempo.<\/p>\n\n\n\n<p>\u201cOs agentes aguardavam com ansiedade o pagamento da gratifica\u00e7\u00e3o, paga atrav\u00e9s de repasses federais, do Minist\u00e9rio da Sa\u00fade, destinados ao munic\u00edpio j\u00e1 com esta finalidade. Importante destacar que, este ano, realizamos a equipara\u00e7\u00e3o salarial desses servidores ao piso nacional\u201d, conta o secret\u00e1rio de Sa\u00fade, Marcus Curvelo.<\/p>\n","protected":false},"excerpt":{"rendered":"<p>\u00c0s v\u00e9speras das festas de fim de ano, os Agentes Comunit\u00e1rios de Sa\u00fade (ACS) e<\/p>\n","protected":false},"author":2,"featured_media":50180,"comment_status":"open","ping_status":"open","sticky":false,"template":"","format":"standard","meta":{"footnotes":""},"categories":[12,18],"tags":[],"class_list":["post-50179","post","type-post","status-publish","format-standard","has-post-thumbnail","hentry","category-cidade","category-economia"],"_links":{"self":[{"href":"https:\/\/tvc16.com\/portal\/wp-json\/wp\/v2\/posts\/50179","targetHints":{"allow":["GET"]}}],"collection":[{"href":"https:\/\/tvc16.com\/portal\/wp-json\/wp\/v2\/posts"}],"about":[{"href":"https:\/\/tvc16.com\/portal\/wp-json\/wp\/v2\/types\/post"}],"author":[{"embeddable":true,"href":"https:\/\/tvc16.com\/portal\/wp-json\/wp\/v2\/users\/2"}],"replies":[{"embeddable":true,"href":"https:\/\/tvc16.com\/portal\/wp-json\/wp\/v2\/comments?post=50179"}],"version-history":[{"count":1,"href":"https:\/\/tvc16.com\/portal\/wp-json\/wp\/v2\/posts\/50179\/revisions"}],"predecessor-version":[{"id":50181,"href":"https:\/\/tvc16.com\/portal\/wp-json\/wp\/v2\/posts\/50179\/revisions\/50181"}],"wp:featuredmedia":[{"embeddable":true,"href":"https:\/\/tvc16.com\/portal\/wp-json\/wp\/v2\/media\/50180"}],"wp:attachment":[{"href":"https:\/\/tvc16.com\/portal\/wp-json\/wp\/v2\/media?parent=50179"}],"wp:term":[{"taxonomy":"category","embeddable":true,"href":"https:\/\/tvc16.com\/portal\/wp-json\/wp\/v2\/categories?post=50179"},{"taxonomy":"post_tag","embeddable":true,"href":"https:\/\/tvc16.com\/portal\/wp-json\/wp\/v2\/tags?post=50179"}],"curies":[{"name":"wp","href":"https:\/\/api.w.org\/{rel}","templated":true}]}}