{"id":50199,"date":"2022-12-25T16:28:35","date_gmt":"2022-12-25T19:28:35","guid":{"rendered":"https:\/\/tvc16.com\/portal\/?p=50199"},"modified":"2022-12-25T16:28:36","modified_gmt":"2022-12-25T19:28:36","slug":"aeronautas-encerram-greve-e-aprovam-proposta-de-empresas","status":"publish","type":"post","link":"https:\/\/tvc16.com\/portal\/2022\/12\/25\/aeronautas-encerram-greve-e-aprovam-proposta-de-empresas\/","title":{"rendered":"Aeronautas encerram greve e aprovam proposta de empresas"},"content":{"rendered":"\n<p>Os aeronautas aceitaram a terceira proposta apresentada pelas empresas aerovi\u00e1rias e decidiram encerrar a greve que tinha sido suspensa neste fim de semana. A categoria votou, de forma virtual, entre as 6h de ontem (24) e o&nbsp;meio-dia deste domingo em pleito aberto no<em>&nbsp;site<\/em>&nbsp;do Sindicato Nacional dos Aeronautas (SNA). Dos 5.834 votos, 70,11 % foram a favor da proposta, 28,8% rejeitaram e as absten\u00e7\u00f5es atingiram 1,09%.<img decoding=\"async\" src=\"https:\/\/agenciabrasil.ebc.com.br\/ebc.png?id=1499858&amp;o=node\"><img decoding=\"async\" src=\"https:\/\/agenciabrasil.ebc.com.br\/ebc.gif?id=1499858&amp;o=node\"><\/p>\n\n\n\n<p>Para a renova\u00e7\u00e3o da Conven\u00e7\u00e3o Coletiva de Trabalho (CCT) da avia\u00e7\u00e3o regular, as empresas propuseram 6,97% de reajuste pelo INPC nos sal\u00e1rios fixos e vari\u00e1veis. O&nbsp;percentual inclui 1% de ganho real e vai incidir tamb\u00e9m nas di\u00e1rias nacionais (R$ 94,96), al\u00e9m de vale-alimenta\u00e7\u00e3o no valor de R$ 495,50, piso salarial, seguro e multa por descumprimento da conven\u00e7\u00e3o. Os reajustes propostos n\u00e3o incidem nas di\u00e1rias internacionais.<\/p>\n\n\n\n<p>Em rela\u00e7\u00e3o \u00e0 reivindica\u00e7\u00e3o da categoria relacionada ao respeito \u00e0s escalas de trabalho, a proposta define o hor\u00e1rio de in\u00edcio das folgas e indeniza\u00e7\u00e3o por descumprimento por parte das empresas, como tamb\u00e9m&nbsp;a possibilidade de in\u00edcio de f\u00e9rias em s\u00e1bados, domingos e feriados. Os aeronautas concordaram com uma multa de R$ 500 por mudan\u00e7a de escala que invada o dia de folga do tripulante.<\/p>\n\n\n\n<p>Quando a greve come\u00e7ou na&nbsp;segunda-feira passada (19), a categoria&nbsp;queria&nbsp;recomposi\u00e7\u00e3o salarial pelo INPC com aumento real de 5% acima desse indicador. As empresas admitiam apenas 0,5% de ganho real e ainda propuseram a venda de folgas, o que causou indigna\u00e7\u00e3o pela exaust\u00e3o que os aeronautas reclamavam diante do cumprimento de hor\u00e1rios nem sempre conforme o planejado.<\/p>\n\n\n\n<p>Neste&nbsp;domingo&nbsp;(25), em<em>&nbsp;live<\/em>&nbsp;de apresenta\u00e7\u00e3o do resultado da vota\u00e7\u00e3o, o presidente do Sindicato Nacional dos Aeronautas (SNA), disse que o n\u00famero de votos acompanhou o total da \u00faltima vota\u00e7\u00e3o. Para ele, agora \u00e9 hora de a categoria conferir e verificar se todos os itens colocados na CCT est\u00e3o sendo aplicados e v\u00e3o continuar. \u201cEsse \u00e9 o come\u00e7o de uma nova era, em que vamos&nbsp;ter&nbsp;que evoluir muita coisa ainda na parte social e continuar evoluindo na parte financeira\u201d, observou.<\/p>\n\n\n\n<p>De acordo com o presidente, h\u00e1 v\u00e1rios itens que os aeronautas n\u00e3o conseguiram \u201cendere\u00e7ar este ano\u201d. Sem relacionar os&nbsp;\u00edtens,&nbsp;afirmou&nbsp;que a inten\u00e7\u00e3o \u00e9 continuar lutando para que sejam atendidos. \u201cTemos que reduzir essa quantidade de reclama\u00e7\u00f5es e de den\u00fancias que o sindicato tem por meio&nbsp;de ouvidorias. Vamos, sim, melhorar a nossa conven\u00e7\u00e3o coletiva e ter contratos de trabalho&nbsp;muito bons\u201d, acrescentou.<\/p>\n\n\n\n<p>A diretora&nbsp;de Administra\u00e7\u00e3o e Finan\u00e7as do SNA,&nbsp;Lilia Cavalcanti, agradeceu aos profissionais que participaram desde o in\u00edcio da greve e foram aos aeroportos para suspender as opera\u00e7\u00f5es entre as 6h e as 8h. De acordo com Lilia, a proposta n\u00e3o \u201c\u00e9 a melhor dos mundos\u201d, isso s\u00f3 ocorreria se houvesse respeito da outra parte na mesa de negocia\u00e7\u00e3o, mas representa evolu\u00e7\u00e3o e traz um ganho. \u201cHouve&nbsp;ganho por todas as pessoas que fizeram a greve acontecer. As pessoas que foram para o aeroporto, as pessoas que pararam os voos e as que se mobilizaram. Ent\u00e3o, \u00e9 um agradecimento por todos que fizeram valer o seu voto e a democracia do voto. A luta continua, a gente continua aqui batalhando por melhorias, porque h\u00e1&nbsp;muitas a serem feitas, mas o momento agora \u00e9 de agradecimento\u201d, afirmou.<\/p>\n\n\n\n<p>O secret\u00e1rio-geral do SNS,&nbsp;Clauver Castilho, tamb\u00e9m agradeceu a mobiliza\u00e7\u00e3o dos colegas, que segundo ele foi a mais longa greve da categoria. \u201cForam cinco dias de greve. N\u00f3s sabemos que \u00e9 complicado entrar em um conflito com a empresa que voc\u00ea trabalha aderindo a uma greve, mas foi muito bonito os colegas matando no peito e falando \u2018essa greve \u00e9 minha, essa greve \u00e9 da minha categoria\u2019. Ent\u00e3o \u00e9 esse o agradecimento. Voc\u00eas fizeram essa greve&nbsp;ter&nbsp;essa dura\u00e7\u00e3o e essa efic\u00e1cia. A vontade da maioria foi aprovada e&nbsp;com essa proposta se encerra a greve. A maioria decide\u201d, completou.<\/p>\n\n\n\n<p>O diretor de Comunica\u00e7\u00e3o do SNA,&nbsp;Rafael Sampaio Bessa, destacou a dificuldade que alguns profissionais tinham por quest\u00f5es pessoais e, no entanto, estiveram presentes nas paralisa\u00e7\u00f5es de duas horas di\u00e1rias. \u201cAcompanhei aqui em Fortaleza hist\u00f3rias diversas, pessoas com situa\u00e7\u00f5es em casa at\u00e9 sens\u00edveis de crian\u00e7as rec\u00e9m-nascidas, mas que estavam l\u00e1 se manifestando, apoiando seus colegas e parando os voos. Fica aqui o meu agradecimento pessoal. Acredito que h\u00e1 muito trabalho a fazer, amanh\u00e3, segunda-feira, a gente vai continuar trabalhando\u201d, disse.<\/p>\n\n\n\n<p>A suspens\u00e3o da paralisa\u00e7\u00e3o dos aeronautas, neste fim de semana, durou das 6h de ontem (24) at\u00e9 o meio-dia de&nbsp;hoje. Durante a greve, os voos foram parados nos aeroportos de S\u00e3o Paulo, do Rio&nbsp;de Janeiro, de Campinas, Porto Alegre, Bras\u00edlia, Belo Horizonte e Fortaleza. A greve come\u00e7ou na&nbsp;segunda-feira passada (19).<\/p>\n\n\n\n<p>Cristina \u00cdndio do Brasil &#8211; Ag\u00eancia Brasil<\/p>\n","protected":false},"excerpt":{"rendered":"<p>Os aeronautas aceitaram a terceira proposta apresentada pelas empresas aerovi\u00e1rias e decidiram encerrar a greve<\/p>\n","protected":false},"author":2,"featured_media":50200,"comment_status":"open","ping_status":"open","sticky":false,"template":"","format":"standard","meta":{"footnotes":""},"categories":[18,17,14,15],"tags":[],"class_list":["post-50199","post","type-post","status-publish","format-standard","has-post-thumbnail","hentry","category-economia","category-outras-noticias","category-pais","category-politica"],"_links":{"self":[{"href":"https:\/\/tvc16.com\/portal\/wp-json\/wp\/v2\/posts\/50199","targetHints":{"allow":["GET"]}}],"collection":[{"href":"https:\/\/tvc16.com\/portal\/wp-json\/wp\/v2\/posts"}],"about":[{"href":"https:\/\/tvc16.com\/portal\/wp-json\/wp\/v2\/types\/post"}],"author":[{"embeddable":true,"href":"https:\/\/tvc16.com\/portal\/wp-json\/wp\/v2\/users\/2"}],"replies":[{"embeddable":true,"href":"https:\/\/tvc16.com\/portal\/wp-json\/wp\/v2\/comments?post=50199"}],"version-history":[{"count":1,"href":"https:\/\/tvc16.com\/portal\/wp-json\/wp\/v2\/posts\/50199\/revisions"}],"predecessor-version":[{"id":50201,"href":"https:\/\/tvc16.com\/portal\/wp-json\/wp\/v2\/posts\/50199\/revisions\/50201"}],"wp:featuredmedia":[{"embeddable":true,"href":"https:\/\/tvc16.com\/portal\/wp-json\/wp\/v2\/media\/50200"}],"wp:attachment":[{"href":"https:\/\/tvc16.com\/portal\/wp-json\/wp\/v2\/media?parent=50199"}],"wp:term":[{"taxonomy":"category","embeddable":true,"href":"https:\/\/tvc16.com\/portal\/wp-json\/wp\/v2\/categories?post=50199"},{"taxonomy":"post_tag","embeddable":true,"href":"https:\/\/tvc16.com\/portal\/wp-json\/wp\/v2\/tags?post=50199"}],"curies":[{"name":"wp","href":"https:\/\/api.w.org\/{rel}","templated":true}]}}