{"id":50202,"date":"2022-12-26T07:00:00","date_gmt":"2022-12-26T10:00:00","guid":{"rendered":"https:\/\/tvc16.com\/portal\/?p=50202"},"modified":"2022-12-25T16:52:40","modified_gmt":"2022-12-25T19:52:40","slug":"casos-de-covid-19-seguem-em-queda-no-estado-do-rio","status":"publish","type":"post","link":"https:\/\/tvc16.com\/portal\/2022\/12\/26\/casos-de-covid-19-seguem-em-queda-no-estado-do-rio\/","title":{"rendered":"Casos de covid-19 seguem em queda no estado do Rio"},"content":{"rendered":"\n<p>Os indicadores da&nbsp;covid-19 no estado do Rio de Janeiro,&nbsp;divulgados&nbsp;nesse&nbsp;s\u00e1bado&nbsp;(24), seguem em tend\u00eancia de queda. A an\u00e1lise&nbsp;da Secretaria de Estado de Sa\u00fade (SES)&nbsp;considera os dados registrados nas semanas epidemiol\u00f3gicas 49 (4 a&nbsp;10 de dezembro) e 50 (11 a 17 dezembro).&nbsp; No per\u00edodo analisado, o n\u00famero de casos por in\u00edcio dos sintomas, registrado por semana, passou de 7.253 para 4.036, o que representa redu\u00e7\u00e3o de 44,35%.<img decoding=\"async\" src=\"https:\/\/agenciabrasil.ebc.com.br\/ebc.png?id=1499840&amp;o=node\"><img decoding=\"async\" src=\"https:\/\/agenciabrasil.ebc.com.br\/ebc.gif?id=1499840&amp;o=node\"><\/p>\n\n\n\n<p>Para o secret\u00e1rio estadual&nbsp;de Sa\u00fade, Alexandre Chieppe, \u201cpela terceira semana consecutiva, os indicadores de&nbsp;covid-19 apresentam redu\u00e7\u00e3o. Apesar disso, \u00e9 importante que a popula\u00e7\u00e3o continue se vacinando e completando o esquema vacinal. Quem ainda n\u00e3o tomou as doses de refor\u00e7o deve retornar aos postos para receber a imuniza\u00e7\u00e3o. As vacinas s\u00e3o seguras e ajudam a evitar casos graves, interna\u00e7\u00f5es e \u00f3bitos pela doen\u00e7a\u201d, afirmou<\/p>\n\n\n\n<p>Os atendimentos a casos de s\u00edndrome gripal nas unidades de Pronto Atendimento (UPAs) da rede estadual tiveram queda de 18% no per\u00edodo analisado. Na semana de 4 a&nbsp;10 de dezembro, foram notificados&nbsp;1.542 atendimentos, sendo 1.446 adultos. Na semana de 11 a&nbsp;17 de dezembro, foram 1.262 atendimentos, sendo 1.145 adultos.<\/p>\n\n\n\n<p>As solicita\u00e7\u00f5es de leitos para tratamento da&nbsp;covid-19 apresentaram redu\u00e7\u00e3o na semana de 11 a&nbsp;17 de dezembro, com m\u00e9dia de nove&nbsp;pedidos por dia, sendo quatro&nbsp;para unidades de Terapia Intensiva (UTI) e cinco&nbsp;para enfermaria. Na semana de 4 a&nbsp;10 de dezembro, a m\u00e9dia de solicita\u00e7\u00f5es era de 12 leitos por dia, sendo seis&nbsp;para enfermaria e seis&nbsp;para UTI.<\/p>\n\n\n\n<p>Para consultar outras informa\u00e7\u00f5es, como n\u00famero de interna\u00e7\u00f5es, \u00f3bitos e taxa de cobertura vacinal, basta acessar o\u00a0Painel de Monitoramento da Covid-19.<\/p>\n","protected":false},"excerpt":{"rendered":"<p>Os indicadores da&nbsp;covid-19 no estado do Rio de Janeiro,&nbsp;divulgados&nbsp;nesse&nbsp;s\u00e1bado&nbsp;(24), seguem em tend\u00eancia de queda. A<\/p>\n","protected":false},"author":2,"featured_media":50203,"comment_status":"open","ping_status":"open","sticky":false,"template":"","format":"standard","meta":{"footnotes":""},"categories":[264,18,17,13],"tags":[],"class_list":["post-50202","post","type-post","status-publish","format-standard","has-post-thumbnail","hentry","category-destaque","category-economia","category-outras-noticias","category-saude"],"_links":{"self":[{"href":"https:\/\/tvc16.com\/portal\/wp-json\/wp\/v2\/posts\/50202","targetHints":{"allow":["GET"]}}],"collection":[{"href":"https:\/\/tvc16.com\/portal\/wp-json\/wp\/v2\/posts"}],"about":[{"href":"https:\/\/tvc16.com\/portal\/wp-json\/wp\/v2\/types\/post"}],"author":[{"embeddable":true,"href":"https:\/\/tvc16.com\/portal\/wp-json\/wp\/v2\/users\/2"}],"replies":[{"embeddable":true,"href":"https:\/\/tvc16.com\/portal\/wp-json\/wp\/v2\/comments?post=50202"}],"version-history":[{"count":1,"href":"https:\/\/tvc16.com\/portal\/wp-json\/wp\/v2\/posts\/50202\/revisions"}],"predecessor-version":[{"id":50204,"href":"https:\/\/tvc16.com\/portal\/wp-json\/wp\/v2\/posts\/50202\/revisions\/50204"}],"wp:featuredmedia":[{"embeddable":true,"href":"https:\/\/tvc16.com\/portal\/wp-json\/wp\/v2\/media\/50203"}],"wp:attachment":[{"href":"https:\/\/tvc16.com\/portal\/wp-json\/wp\/v2\/media?parent=50202"}],"wp:term":[{"taxonomy":"category","embeddable":true,"href":"https:\/\/tvc16.com\/portal\/wp-json\/wp\/v2\/categories?post=50202"},{"taxonomy":"post_tag","embeddable":true,"href":"https:\/\/tvc16.com\/portal\/wp-json\/wp\/v2\/tags?post=50202"}],"curies":[{"name":"wp","href":"https:\/\/api.w.org\/{rel}","templated":true}]}}