{"id":50205,"date":"2022-12-26T08:00:00","date_gmt":"2022-12-26T11:00:00","guid":{"rendered":"https:\/\/tvc16.com\/portal\/?p=50205"},"modified":"2022-12-25T16:57:48","modified_gmt":"2022-12-25T19:57:48","slug":"novo-parque-em-niteroi-busca-melhorar-agua-e-vegetacao-de-lagoa","status":"publish","type":"post","link":"https:\/\/tvc16.com\/portal\/2022\/12\/26\/novo-parque-em-niteroi-busca-melhorar-agua-e-vegetacao-de-lagoa\/","title":{"rendered":"Novo parque em Niter\u00f3i busca melhorar \u00e1gua e vegeta\u00e7\u00e3o de lagoa"},"content":{"rendered":"\n<p>Um novo parque, que est\u00e1 sendo criado em Niter\u00f3i, na regi\u00e3o metropolitana do Rio, busca criar uma alternativa de lazer para moradores, replantar mudas nativas e melhorar a qualidade da \u00e1gua da Lagoa de Piratininga. A \u00e1rea a ser revitalizada tem 680 mil metros quadrados.<img decoding=\"async\" src=\"https:\/\/agenciabrasil.ebc.com.br\/ebc.png?id=1499843&amp;o=node\"><img decoding=\"async\" src=\"https:\/\/agenciabrasil.ebc.com.br\/ebc.gif?id=1499843&amp;o=node\"><\/p>\n\n\n\n<p>Batizado de Parque Orla Piratininga Alfredo Sirkis (POP), o espa\u00e7o contar\u00e1 com ciclovias, p\u00ederes para contempla\u00e7\u00e3o da lagoa e para pesca, mirantes, quadras esportivas, parquinhos, \u00e1reas de gin\u00e1stica e um centro ecocultural, integrados ao ecossistema natural.<\/p>\n\n\n\n<figure class=\"wp-block-image size-full\"><img loading=\"lazy\" decoding=\"async\" width=\"754\" height=\"503\" src=\"https:\/\/tvc16.com\/portal\/wp-content\/uploads\/2022\/12\/mg_7908_0.jpg\" alt=\"\" class=\"wp-image-50207\" srcset=\"https:\/\/tvc16.com\/portal\/wp-content\/uploads\/2022\/12\/mg_7908_0.jpg 754w, https:\/\/tvc16.com\/portal\/wp-content\/uploads\/2022\/12\/mg_7908_0-300x200.jpg 300w\" sizes=\"auto, (max-width: 754px) 100vw, 754px\" \/><\/figure>\n\n\n\n<p>Al\u00e9m da infraestrutura de lazer, tamb\u00e9m est\u00e3o sendo instalados reservat\u00f3rios para sedimenta\u00e7\u00e3o\u00a0de res\u00edduos s\u00f3lidos, jardins filtrantes (com plantas que limpam a \u00e1gua) e valas de coleta de \u00e1guas pluviais, com o objetivo de evitar o des\u00e1gue de esgoto e poluentes na Lagoa de Piratininga. Um viveiro de mudas tamb\u00e9m permitir\u00e1 a produ\u00e7\u00e3o de plantas nativas para substituir esp\u00e9cies ex\u00f3ticas (que n\u00e3o pertencem ao ecossistema).<\/p>\n\n\n\n<p>\u201cO entorno da lagoa n\u00e3o tinha nenhum manejo vegetal. A maioria das esp\u00e9cies \u00e9 ex\u00f3tica invasora, o que prejudica a biodiversidade, j\u00e1 que n\u00e3o atrai p\u00e1ssaros. Estamos trocando por plantas nativas, para atrair avifauna e polinizadores\u201d, explica Andrea Maia, uma das bi\u00f3logas do parque.<\/p>\n\n\n\n<p>A ideia \u00e9 que sejam plantadas no entorno da lagoa quase 8 mil mudas de esp\u00e9cies nativas. Segundo o engenheiro que supervisiona as obras, Jos\u00e9 Carlos Planave, a previs\u00e3o \u00e9 que a maior parte das obras esteja conclu\u00edda at\u00e9 maio de 2023.<\/p>\n\n\n\n<p>Outra parte da interven\u00e7\u00e3o, que inclui a urbaniza\u00e7\u00e3o de uma comunidade \u00e0s margens da lagoa, dever\u00e1 ser entregue posteriormente.<\/p>\n\n\n\n<figure class=\"wp-block-image size-full\"><img loading=\"lazy\" decoding=\"async\" width=\"754\" height=\"424\" src=\"https:\/\/tvc16.com\/portal\/wp-content\/uploads\/2022\/12\/jacare_no_pop_-_alex_ramos_6.jpg\" alt=\"\" class=\"wp-image-50208\" srcset=\"https:\/\/tvc16.com\/portal\/wp-content\/uploads\/2022\/12\/jacare_no_pop_-_alex_ramos_6.jpg 754w, https:\/\/tvc16.com\/portal\/wp-content\/uploads\/2022\/12\/jacare_no_pop_-_alex_ramos_6-300x169.jpg 300w\" sizes=\"auto, (max-width: 754px) 100vw, 754px\" \/><\/figure>\n\n\n\n<h2 class=\"wp-block-heading\">Jacar\u00e9s<\/h2>\n\n\n\n<p>Durante as obras de instala\u00e7\u00e3o do parque, os oper\u00e1rios tiveram uma surpresa. Cerca de 25 filhotes de jacar\u00e9-do-papo-amarelo (<em>Caiman latirostris<\/em>) foram encontrados em um canal de cintura, criado anos atr\u00e1s para concentrar as \u00e1guas vindas da rede pluvial do entorno da lagoa. Os animais usavam as plantas do local para se esconder de predadores.<\/p>\n\n\n\n<p>Os bi\u00f3logos&nbsp;perceberam, ent\u00e3o, que as margens da Lagoa de Piratininga s\u00e3o uma zona de reprodu\u00e7\u00e3o de jacar\u00e9s. Desde ent\u00e3o, j\u00e1 foram identificados tamb\u00e9m quatro adultos e uma \u00e1rea de nidifica\u00e7\u00e3o da esp\u00e9cie, pr\u00f3xima ao local&nbsp;onde os filhotes foram encontrados.<\/p>\n\n\n\n<p>Quando os oper\u00e1rios perceberam que havia filhotes no local, as interven\u00e7\u00f5es foram paralisadas e o projeto foi adaptado para proteger a esp\u00e9cie. \u201cN\u00f3s delimitamos uma \u00e1rea, onde vamos proteger a borda do canal e fazer o manejo das plantas macr\u00f3fitas [a vegeta\u00e7\u00e3o aqu\u00e1tica] desse canal. Essas plantas filtram a \u00e1gua e protegem os animais que vivem ali. N\u00f3s vamos fazer um ber\u00e7\u00e1rio que n\u00e3o tem nada de artificial\u201d, conta Andrea Maia.<\/p>\n\n\n\n<p>A ideia \u00e9 proteger o ciclo natural dos animais, sem interfer\u00eancia humana. Al\u00e9m disso, o ambiente preservado permite n\u00e3o apenas o nascimento dos r\u00e9pteis, mas tamb\u00e9m a exist\u00eancia de alimentos para que eles cres\u00e7am e tamb\u00e9m se reproduzam.<\/p>\n\n\n\n<p>Vitor Abdala &#8211; Ag\u00eancia Brasil<\/p>\n","protected":false},"excerpt":{"rendered":"<p>Um novo parque, que est\u00e1 sendo criado em Niter\u00f3i, na regi\u00e3o metropolitana do Rio, busca<\/p>\n","protected":false},"author":2,"featured_media":50206,"comment_status":"open","ping_status":"open","sticky":false,"template":"","format":"standard","meta":{"footnotes":""},"categories":[21,18,19,17,15,13],"tags":[],"class_list":["post-50205","post","type-post","status-publish","format-standard","has-post-thumbnail","hentry","category-cultura","category-economia","category-educacao","category-outras-noticias","category-politica","category-saude"],"_links":{"self":[{"href":"https:\/\/tvc16.com\/portal\/wp-json\/wp\/v2\/posts\/50205","targetHints":{"allow":["GET"]}}],"collection":[{"href":"https:\/\/tvc16.com\/portal\/wp-json\/wp\/v2\/posts"}],"about":[{"href":"https:\/\/tvc16.com\/portal\/wp-json\/wp\/v2\/types\/post"}],"author":[{"embeddable":true,"href":"https:\/\/tvc16.com\/portal\/wp-json\/wp\/v2\/users\/2"}],"replies":[{"embeddable":true,"href":"https:\/\/tvc16.com\/portal\/wp-json\/wp\/v2\/comments?post=50205"}],"version-history":[{"count":1,"href":"https:\/\/tvc16.com\/portal\/wp-json\/wp\/v2\/posts\/50205\/revisions"}],"predecessor-version":[{"id":50209,"href":"https:\/\/tvc16.com\/portal\/wp-json\/wp\/v2\/posts\/50205\/revisions\/50209"}],"wp:featuredmedia":[{"embeddable":true,"href":"https:\/\/tvc16.com\/portal\/wp-json\/wp\/v2\/media\/50206"}],"wp:attachment":[{"href":"https:\/\/tvc16.com\/portal\/wp-json\/wp\/v2\/media?parent=50205"}],"wp:term":[{"taxonomy":"category","embeddable":true,"href":"https:\/\/tvc16.com\/portal\/wp-json\/wp\/v2\/categories?post=50205"},{"taxonomy":"post_tag","embeddable":true,"href":"https:\/\/tvc16.com\/portal\/wp-json\/wp\/v2\/tags?post=50205"}],"curies":[{"name":"wp","href":"https:\/\/api.w.org\/{rel}","templated":true}]}}