{"id":50213,"date":"2022-12-26T10:00:00","date_gmt":"2022-12-26T13:00:00","guid":{"rendered":"https:\/\/tvc16.com\/portal\/?p=50213"},"modified":"2022-12-25T17:09:27","modified_gmt":"2022-12-25T20:09:27","slug":"uso-de-energia-solar-cresce-no-pais-com-19-gw-de-potencia-instalada","status":"publish","type":"post","link":"https:\/\/tvc16.com\/portal\/2022\/12\/26\/uso-de-energia-solar-cresce-no-pais-com-19-gw-de-potencia-instalada\/","title":{"rendered":"Uso de energia solar cresce no pa\u00eds, com 19 GW de pot\u00eancia instalada"},"content":{"rendered":"\n<p>A m\u00e9dia de economia, quando se utiliza a energia solar em substitui\u00e7\u00e3o \u00e0 el\u00e9trica, chega a at\u00e9 90%. A estimativa&nbsp;\u00e9 da Associa\u00e7\u00e3o Brasileira de Energia Solar Fotovoltaica (Absolar).<img decoding=\"async\" src=\"https:\/\/agenciabrasil.ebc.com.br\/ebc.png?id=1499862&amp;o=node\"><img decoding=\"async\" src=\"https:\/\/agenciabrasil.ebc.com.br\/ebc.gif?id=1499862&amp;o=node\"><\/p>\n\n\n\n<p>O&nbsp;setor, que vem crescendo muito no Brasil, j\u00e1 ocupa o 3\u00ba lugar em gera\u00e7\u00e3o de&nbsp;energia, perdendo apenas para e\u00f3lica e el\u00e9trica.&nbsp;<\/p>\n\n\n\n<p>O pa\u00eds ultrapassou a marca de 19 gigawatts (GW)&nbsp;de pot\u00eancia instalada da fonte&nbsp;solar&nbsp;fotovoltaica. Desse total, 13 s\u00e3o de pot\u00eancia instalada em telhados, fachadas e pequenos terrenos. O restante corresponde \u00e0s usinas de grande porte.<\/p>\n\n\n\n<p>O n\u00famero \u00e9 considerado hist\u00f3rico pelo setor e, com base neles, a Confedera\u00e7\u00e3o Nacional da Ind\u00fastria (CNI) estima que a capacidade instalada poder\u00e1 dobrar at\u00e9 o in\u00edcio do ano que vem.<\/p>\n\n\n\n<p>O presidente da Absolar, Rodrigo Sauaia, disse&nbsp;que os crescentes reajustes nas contas de luz e a redu\u00e7\u00e3o dos custos para instala\u00e7\u00e3o das placas fotovoltaicas explicam o crescimento desse tipo de&nbsp;energia&nbsp;no pa\u00eds.<\/p>\n\n\n\n<p>A&nbsp;energia&nbsp;solar&nbsp;\u00e9 considerada uma fonte limpa, que n\u00e3o produz res\u00edduo ou polui\u00e7\u00e3o. Segundo a Absolar, essa&nbsp;&nbsp;energia&nbsp;evitou a emiss\u00e3o de quase 28 milh\u00f5es de toneladas de CO2 (di\u00f3xido de carbono) na gera\u00e7\u00e3o de eletricidade.<\/p>\n\n\n\n<p>O custo de instala\u00e7\u00e3o, no entanto, n\u00e3o \u00e9 baixo. Para resid\u00eancias, o pre\u00e7o m\u00e9dio \u00e9 de R$ 25 mil&nbsp;e para ind\u00fastrias, de at\u00e9 R$ 200 mil. Sauaia&nbsp;afirmou ainda&nbsp;que esses valores devem cair. Como a redu\u00e7\u00e3o nas contas mensais \u00e9 alta, o investimento \u00e9 recuperado em poucos anos.<\/p>\n\n\n\n<p>Desde 2012, de acordo com dados da Absolar, a\u00a0energia\u00a0solar\u00a0garantiu R$ 10 bilh\u00f5es\u00a0em novos investimentos no Brasil, al\u00e9m de\u00a0640 mil empregos. A\u00a0arrecada\u00e7\u00e3o aos cofres p\u00fablicos foi de quase R$ 40 bilh\u00f5es.<\/p>\n\n\n\n<p>Beatriz Albuquerque &#8211; Radio Nacional Bras\u00edlia<\/p>\n","protected":false},"excerpt":{"rendered":"<p>A m\u00e9dia de economia, quando se utiliza a energia solar em substitui\u00e7\u00e3o \u00e0 el\u00e9trica, chega<\/p>\n","protected":false},"author":2,"featured_media":50214,"comment_status":"open","ping_status":"open","sticky":false,"template":"","format":"standard","meta":{"footnotes":""},"categories":[18,17,14,15],"tags":[],"class_list":["post-50213","post","type-post","status-publish","format-standard","has-post-thumbnail","hentry","category-economia","category-outras-noticias","category-pais","category-politica"],"_links":{"self":[{"href":"https:\/\/tvc16.com\/portal\/wp-json\/wp\/v2\/posts\/50213","targetHints":{"allow":["GET"]}}],"collection":[{"href":"https:\/\/tvc16.com\/portal\/wp-json\/wp\/v2\/posts"}],"about":[{"href":"https:\/\/tvc16.com\/portal\/wp-json\/wp\/v2\/types\/post"}],"author":[{"embeddable":true,"href":"https:\/\/tvc16.com\/portal\/wp-json\/wp\/v2\/users\/2"}],"replies":[{"embeddable":true,"href":"https:\/\/tvc16.com\/portal\/wp-json\/wp\/v2\/comments?post=50213"}],"version-history":[{"count":1,"href":"https:\/\/tvc16.com\/portal\/wp-json\/wp\/v2\/posts\/50213\/revisions"}],"predecessor-version":[{"id":50215,"href":"https:\/\/tvc16.com\/portal\/wp-json\/wp\/v2\/posts\/50213\/revisions\/50215"}],"wp:featuredmedia":[{"embeddable":true,"href":"https:\/\/tvc16.com\/portal\/wp-json\/wp\/v2\/media\/50214"}],"wp:attachment":[{"href":"https:\/\/tvc16.com\/portal\/wp-json\/wp\/v2\/media?parent=50213"}],"wp:term":[{"taxonomy":"category","embeddable":true,"href":"https:\/\/tvc16.com\/portal\/wp-json\/wp\/v2\/categories?post=50213"},{"taxonomy":"post_tag","embeddable":true,"href":"https:\/\/tvc16.com\/portal\/wp-json\/wp\/v2\/tags?post=50213"}],"curies":[{"name":"wp","href":"https:\/\/api.w.org\/{rel}","templated":true}]}}