{"id":50237,"date":"2022-12-26T10:20:24","date_gmt":"2022-12-26T13:20:24","guid":{"rendered":"https:\/\/tvc16.com\/portal\/?p=50237"},"modified":"2022-12-26T10:20:25","modified_gmt":"2022-12-26T13:20:25","slug":"congresso-promulga-reajustes-para-parlamentar-ministro-e-presidente","status":"publish","type":"post","link":"https:\/\/tvc16.com\/portal\/2022\/12\/26\/congresso-promulga-reajustes-para-parlamentar-ministro-e-presidente\/","title":{"rendered":"Congresso promulga reajustes para parlamentar, ministro e presidente"},"content":{"rendered":"\n<p>O presidente do Congresso Nacional, Rodrigo Pacheco, promulgou o reajuste de sal\u00e1rios de ministros de Estado, deputados, senadores, do presidente e do vice-presidente da Rep\u00fablica. O texto que fixa os subs\u00eddios foi&nbsp;<a href=\"https:\/\/www.in.gov.br\/en\/web\/dou\/-\/decreto-legislativo-453510316\" target=\"_blank\" rel=\"noreferrer noopener\">publicado<\/a>&nbsp;hoje&nbsp;(26) no&nbsp;<em>Di\u00e1rio Oficial da Uni\u00e3o<\/em>.<img decoding=\"async\" src=\"https:\/\/agenciabrasil.ebc.com.br\/ebc.png?id=1499886&amp;o=node\"><img decoding=\"async\" src=\"https:\/\/agenciabrasil.ebc.com.br\/ebc.gif?id=1499886&amp;o=node\"><\/p>\n\n\n\n<p>Com o reajuste, ministros de Estado, parlamentares, presidente e vice-presidente da Rep\u00fablica&nbsp;passam a&nbsp;receber R$ 46.366,19 de forma escalonada, sendo R$ 39.293,32 a partir de 1\u00ba de janeiro de 2023;&nbsp;R$ 41.650,92 a partir de 1\u00b0 de abril de 2023;&nbsp;R$ 44.008,52 a partir de 1\u00b0 de fevereiro de 2024; e&nbsp;R$ 46.366,19 a partir de 1\u00ba de fevereiro de 2025.<\/p>\n\n\n\n<p>Segundo o Congresso Nacional, os reajustes t\u00eam impacto de R$ 2,5 bilh\u00f5es no Or\u00e7amento de 2023, montante que j\u00e1&nbsp;estava previsto no projeto do Or\u00e7amento do pr\u00f3ximo ano.<\/p>\n","protected":false},"excerpt":{"rendered":"<p>O presidente do Congresso Nacional, Rodrigo Pacheco, promulgou o reajuste de sal\u00e1rios de ministros de<\/p>\n","protected":false},"author":2,"featured_media":50238,"comment_status":"open","ping_status":"open","sticky":false,"template":"","format":"standard","meta":{"footnotes":""},"categories":[17],"tags":[],"class_list":["post-50237","post","type-post","status-publish","format-standard","has-post-thumbnail","hentry","category-outras-noticias"],"_links":{"self":[{"href":"https:\/\/tvc16.com\/portal\/wp-json\/wp\/v2\/posts\/50237","targetHints":{"allow":["GET"]}}],"collection":[{"href":"https:\/\/tvc16.com\/portal\/wp-json\/wp\/v2\/posts"}],"about":[{"href":"https:\/\/tvc16.com\/portal\/wp-json\/wp\/v2\/types\/post"}],"author":[{"embeddable":true,"href":"https:\/\/tvc16.com\/portal\/wp-json\/wp\/v2\/users\/2"}],"replies":[{"embeddable":true,"href":"https:\/\/tvc16.com\/portal\/wp-json\/wp\/v2\/comments?post=50237"}],"version-history":[{"count":1,"href":"https:\/\/tvc16.com\/portal\/wp-json\/wp\/v2\/posts\/50237\/revisions"}],"predecessor-version":[{"id":50239,"href":"https:\/\/tvc16.com\/portal\/wp-json\/wp\/v2\/posts\/50237\/revisions\/50239"}],"wp:featuredmedia":[{"embeddable":true,"href":"https:\/\/tvc16.com\/portal\/wp-json\/wp\/v2\/media\/50238"}],"wp:attachment":[{"href":"https:\/\/tvc16.com\/portal\/wp-json\/wp\/v2\/media?parent=50237"}],"wp:term":[{"taxonomy":"category","embeddable":true,"href":"https:\/\/tvc16.com\/portal\/wp-json\/wp\/v2\/categories?post=50237"},{"taxonomy":"post_tag","embeddable":true,"href":"https:\/\/tvc16.com\/portal\/wp-json\/wp\/v2\/tags?post=50237"}],"curies":[{"name":"wp","href":"https:\/\/api.w.org\/{rel}","templated":true}]}}