{"id":5025,"date":"2020-11-06T17:04:07","date_gmt":"2020-11-06T17:04:07","guid":{"rendered":"https:\/\/tvc16.com\/portal\/?p=5025"},"modified":"2020-11-06T17:04:07","modified_gmt":"2020-11-06T17:04:07","slug":"selecao-tite-convoca-pedro-e-mantem-neymar-na-lista-de-relacionados","status":"publish","type":"post","link":"https:\/\/tvc16.com\/portal\/2020\/11\/06\/selecao-tite-convoca-pedro-e-mantem-neymar-na-lista-de-relacionados\/","title":{"rendered":"Sele\u00e7\u00e3o: Tite convoca Pedro e mant\u00e9m Neymar na lista de relacionados"},"content":{"rendered":"\n<h2 class=\"wp-block-heading\">Atacante rubro-negro substituir\u00e1 camisa 10 no duelo contra a Venezuela<\/h2>\n\n\n\n<p>A sele\u00e7\u00e3o brasileira contar\u00e1 com o atacante Pedro, do Flamengo, nos pr\u00f3ximos duelos pelas Sul-Americanas da Copa do Mundo do Catar 2022. O jogador foi convocado pelo t\u00e9cnico Tite na manh\u00e3 desta sexta-feira (6) para ocupar a vaga de Neymar no duelo contra a Venezuela na pr\u00f3xima sexta-feira (13) , no Est\u00e1dio do Morumbi, em S\u00e3o Paulo (SP). O camisa 10 se recupera de uma les\u00e3o no adutor da coxa esquerda, sem condi\u00e7\u00f5es de jogar. No entanto, Tite manteve Neymar na lista de relacionados, pois acredita que ele possa entrar em campo contra o Uruguai, no dia 17 de novembro, em Montevid\u00e9u.&nbsp;<img decoding=\"async\" src=\"https:\/\/agenciabrasil.ebc.com.br\/ebc.png?id=1392461&amp;o=node\"><img decoding=\"async\" src=\"https:\/\/agenciabrasil.ebc.com.br\/ebc.gif?id=1392461&amp;o=node\"><\/p>\n\n\n\n<p>Pedro, de 23 anos, vive uma \u00f3tima fase na temporada, com 20 gols em 36 jogos . O camisa 21 do Flamengo \u00e9 o artilheiro do carioca&nbsp;no Campeonato Brasileiro &#8211; atr\u00e1s apenas de Thiago Galhardo, do Internacional e Marinho, do Santos. Esta \u00e9 a segunda vez que \u00e9 convocado por Tite: em abril do ano passado, ele foi chamado mas se&nbsp;lesionou e foi substitu\u00eddo por Richarlison.<\/p>\n\n\n\n<p>Quanto \u00e0 perman\u00eancia de Neymar na sele\u00e7\u00e3o, Tite levou em conta as expectativas do m\u00e9dico da sele\u00e7\u00e3o brasileira, Rodrigo Lasmar, de que a recupera\u00e7\u00e3o de Neymar evolua bem, de forma que seja poss\u00edvel entrar em campo no segundo jogo, no Est\u00e1dio Centen\u00e1rio, na capital uruguaia.<\/p>\n\n\n\n<p>&#8220;Tenho contato frequente com o m\u00e9dico do PSG e sabemos das condi\u00e7\u00f5es f\u00edsicas do Neymar desde o dia de sua les\u00e3o na Champions. Acreditamos que com uma semana intensiva de tratamento e com a estrutura do Centro de Excel\u00eancia na Granja Comary temos a possibilidade de recupera\u00e7\u00e3o para o segundo jogo. Vamos acompanhar de perto sua evolu\u00e7\u00e3o&#8221;, afirmou Lasmar.<\/p>\n\n\n\n<p>A sele\u00e7\u00e3o brasileira lidera as Eliminat\u00f3rias Sul-Americanas, com seis pontos e nove gols. Confira&nbsp;<a href=\"https:\/\/agenciabrasil.ebc.com.br\/esportes\/tabelas\/eliminatorias-america-do-sul.html\"><strong>AQUI<\/strong><\/a>&nbsp;a tabela de classifica\u00e7\u00e3o.<\/p>\n\n\n\n<p>Edi\u00e7\u00e3o: Cl\u00e1udia Soares Rodrigues<\/p>\n","protected":false},"excerpt":{"rendered":"<p>Atacante rubro-negro substituir\u00e1 camisa 10 no duelo contra a Venezuela A sele\u00e7\u00e3o brasileira contar\u00e1 com<\/p>\n","protected":false},"author":2,"featured_media":5026,"comment_status":"open","ping_status":"open","sticky":false,"template":"","format":"standard","meta":{"footnotes":""},"categories":[20],"tags":[],"class_list":["post-5025","post","type-post","status-publish","format-standard","has-post-thumbnail","hentry","category-esporte"],"_links":{"self":[{"href":"https:\/\/tvc16.com\/portal\/wp-json\/wp\/v2\/posts\/5025","targetHints":{"allow":["GET"]}}],"collection":[{"href":"https:\/\/tvc16.com\/portal\/wp-json\/wp\/v2\/posts"}],"about":[{"href":"https:\/\/tvc16.com\/portal\/wp-json\/wp\/v2\/types\/post"}],"author":[{"embeddable":true,"href":"https:\/\/tvc16.com\/portal\/wp-json\/wp\/v2\/users\/2"}],"replies":[{"embeddable":true,"href":"https:\/\/tvc16.com\/portal\/wp-json\/wp\/v2\/comments?post=5025"}],"version-history":[{"count":1,"href":"https:\/\/tvc16.com\/portal\/wp-json\/wp\/v2\/posts\/5025\/revisions"}],"predecessor-version":[{"id":5027,"href":"https:\/\/tvc16.com\/portal\/wp-json\/wp\/v2\/posts\/5025\/revisions\/5027"}],"wp:featuredmedia":[{"embeddable":true,"href":"https:\/\/tvc16.com\/portal\/wp-json\/wp\/v2\/media\/5026"}],"wp:attachment":[{"href":"https:\/\/tvc16.com\/portal\/wp-json\/wp\/v2\/media?parent=5025"}],"wp:term":[{"taxonomy":"category","embeddable":true,"href":"https:\/\/tvc16.com\/portal\/wp-json\/wp\/v2\/categories?post=5025"},{"taxonomy":"post_tag","embeddable":true,"href":"https:\/\/tvc16.com\/portal\/wp-json\/wp\/v2\/tags?post=5025"}],"curies":[{"name":"wp","href":"https:\/\/api.w.org\/{rel}","templated":true}]}}