{"id":5035,"date":"2020-11-06T17:11:50","date_gmt":"2020-11-06T17:11:50","guid":{"rendered":"https:\/\/tvc16.com\/portal\/?p=5035"},"modified":"2020-11-06T17:11:50","modified_gmt":"2020-11-06T17:11:50","slug":"caixa-abre-772-agencias-na-manha-deste-sabado","status":"publish","type":"post","link":"https:\/\/tvc16.com\/portal\/2020\/11\/06\/caixa-abre-772-agencias-na-manha-deste-sabado\/","title":{"rendered":"Caixa abre 772 ag\u00eancias na manh\u00e3 deste s\u00e1bado"},"content":{"rendered":"\n<h2 class=\"wp-block-heading\">Benefici\u00e1rios poder\u00e3o sacar aux\u00edlio emergencial e FGTS<\/h2>\n\n\n\n<h4 class=\"wp-block-heading\">Por Kelly Oliveira \u2013 Rep\u00f3rter da Ag\u00eancia Brasil &#8211; Bras\u00edlia<\/h4>\n\n\n\n<p>A Caixa abre 772 ag\u00eancias amanh\u00e3 (7), das 8h \u00e0s 12h, para atendimento a 6,9 milh\u00f5es de benefici\u00e1rios do aux\u00edlio emergencial. Os benefici\u00e1rios nascidos em janeiro e fevereiro dos Ciclos 3 e 4 poder\u00e3o sacar o dinheiro em esp\u00e9cie. Ao todo foram creditados R$ 5,7 bilh\u00f5es para este p\u00fablico.<img decoding=\"async\" src=\"https:\/\/agenciabrasil.ebc.com.br\/ebc.png?id=1392443&amp;o=node\"><img decoding=\"async\" src=\"https:\/\/agenciabrasil.ebc.com.br\/ebc.gif?id=1392443&amp;o=node\"><\/p>\n\n\n\n<p>Trabalhadores nascidos de janeiro a outubro tamb\u00e9m poder\u00e3o sacar da poupan\u00e7a social digital os recursos ainda n\u00e3o utilizados do Saque Emergencial do Fundo de Garantia do Tempo de Servi\u00e7o (FGTS).<\/p>\n\n\n\n<p>A rela\u00e7\u00e3o de ag\u00eancias que estar\u00e3o abertas pode ser conferida no&nbsp;<a href=\"http:\/\/www.caixa.gov.br\/agenciasabado\" target=\"_blank\" rel=\"noreferrer noopener\"><em>site<\/em>&nbsp;do banco<\/a>.<\/p>\n\n\n\n<p>A Caixa afirma que todas as pessoas que procurarem atendimento durante o funcionamento das ag\u00eancias ser\u00e3o atendidas. N\u00e3o \u00e9 preciso chegar antes do hor\u00e1rio de abertura.<\/p>\n\n\n\n<p>Ao todo, neste s\u00e1bado ter\u00e3o sido pagos R$ 245,4 bilh\u00f5es do aux\u00edlio Emergencial para 67,8 milh\u00f5es de brasileiros, num total de 393,9 milh\u00f5es de pagamentos.<\/p>\n\n\n\n<p>Edi\u00e7\u00e3o: Aline Leal<\/p>\n","protected":false},"excerpt":{"rendered":"<p>Benefici\u00e1rios poder\u00e3o sacar aux\u00edlio emergencial e FGTS Por Kelly Oliveira \u2013 Rep\u00f3rter da Ag\u00eancia Brasil<\/p>\n","protected":false},"author":2,"featured_media":5036,"comment_status":"open","ping_status":"open","sticky":false,"template":"","format":"standard","meta":{"footnotes":""},"categories":[18],"tags":[],"class_list":["post-5035","post","type-post","status-publish","format-standard","has-post-thumbnail","hentry","category-economia"],"_links":{"self":[{"href":"https:\/\/tvc16.com\/portal\/wp-json\/wp\/v2\/posts\/5035","targetHints":{"allow":["GET"]}}],"collection":[{"href":"https:\/\/tvc16.com\/portal\/wp-json\/wp\/v2\/posts"}],"about":[{"href":"https:\/\/tvc16.com\/portal\/wp-json\/wp\/v2\/types\/post"}],"author":[{"embeddable":true,"href":"https:\/\/tvc16.com\/portal\/wp-json\/wp\/v2\/users\/2"}],"replies":[{"embeddable":true,"href":"https:\/\/tvc16.com\/portal\/wp-json\/wp\/v2\/comments?post=5035"}],"version-history":[{"count":1,"href":"https:\/\/tvc16.com\/portal\/wp-json\/wp\/v2\/posts\/5035\/revisions"}],"predecessor-version":[{"id":5037,"href":"https:\/\/tvc16.com\/portal\/wp-json\/wp\/v2\/posts\/5035\/revisions\/5037"}],"wp:featuredmedia":[{"embeddable":true,"href":"https:\/\/tvc16.com\/portal\/wp-json\/wp\/v2\/media\/5036"}],"wp:attachment":[{"href":"https:\/\/tvc16.com\/portal\/wp-json\/wp\/v2\/media?parent=5035"}],"wp:term":[{"taxonomy":"category","embeddable":true,"href":"https:\/\/tvc16.com\/portal\/wp-json\/wp\/v2\/categories?post=5035"},{"taxonomy":"post_tag","embeddable":true,"href":"https:\/\/tvc16.com\/portal\/wp-json\/wp\/v2\/tags?post=5035"}],"curies":[{"name":"wp","href":"https:\/\/api.w.org\/{rel}","templated":true}]}}