{"id":5038,"date":"2020-11-06T17:14:45","date_gmt":"2020-11-06T17:14:45","guid":{"rendered":"https:\/\/tvc16.com\/portal\/?p=5038"},"modified":"2020-11-06T17:14:45","modified_gmt":"2020-11-06T17:14:45","slug":"stj-confirma-que-hacker-bloqueou-acesso-a-dados-do-tribunal","status":"publish","type":"post","link":"https:\/\/tvc16.com\/portal\/2020\/11\/06\/stj-confirma-que-hacker-bloqueou-acesso-a-dados-do-tribunal\/","title":{"rendered":"STJ confirma que hacker bloqueou acesso a dados do tribunal"},"content":{"rendered":"\n<h2 class=\"wp-block-heading\">Segundo o tribunal, as informa\u00e7\u00f5es est\u00e3o preservadas em backup<\/h2>\n\n\n\n<h4 class=\"wp-block-heading\"> Por Andr\u00e9 Richter &#8211; Rep\u00f3rter da Ag\u00eancia Brasil &#8211; Bras\u00edlia<\/h4>\n\n\n\n<p>O Superior Tribunal de Justi\u00e7a (STJ) confirmou ontem (5) que o hacker que realizou um ataque cibern\u00e9tico ao sistema de inform\u00e1tica do \u00f3rg\u00e3o conseguiu criptografar e bloquear o acesso aos dados do tribunal. No entanto, as informa\u00e7\u00f5es sobre os processos judiciais, contas de\u00a0<em>e-mail<\/em>\u00a0e contratos administrativos permanecem \u00edntegras e est\u00e3o preservadas em um\u00a0<em>backup<\/em>.\u00a0<img decoding=\"async\" src=\"https:\/\/agenciabrasil.ebc.com.br\/ebc.png?id=1392404&amp;o=node\"><img decoding=\"async\" src=\"https:\/\/agenciabrasil.ebc.com.br\/ebc.gif?id=1392404&amp;o=node\"><\/p>\n\n\n\n<p>Na ter\u00e7a-feira (3), os sistemas do STJ foram alvo de um&nbsp;<a href=\"https:\/\/agenciabrasil.ebc.com.br\/justica\/noticia\/2020-11\/stj-e-alvo-de-ataque-de-hacker-e-policia-federal-investiga-o-sistema\" target=\"_blank\" rel=\"noreferrer noopener\">ataque cibern\u00e9tico<\/a>, e a transmiss\u00e3o das sess\u00f5es de seis colegiados foi interrompida. Por medida de seguran\u00e7a, os julgamentos virtuais e os prazos processuais foram suspensos at\u00e9 segunda-feira (9). Os ministros e servidores foram alertados para n\u00e3o utilizarem computadores pessoais ligados ao sistema do tribunal.&nbsp;<\/p>\n\n\n\n<p>Em nota, o presidente do tribunal, ministro Humberto Martins, informou que o setor de tecnologia do STJ est\u00e1 trabalhando para recuperar o sistema. O Centro de Defesa Cibern\u00e9tica do Ex\u00e9rcito est\u00e1 ajudando no trabalho.&nbsp;<\/p>\n\n\n\n<p>A Pol\u00edcia Federal (PF) abriu inqu\u00e9rito para investigar o caso. A investiga\u00e7\u00e3o foi aberta a pedido de Martins e do ministro da Justi\u00e7a e Seguran\u00e7a P\u00fablica, Andr\u00e9 Mendon\u00e7a.&nbsp;<\/p>\n\n\n\n<h2 class=\"wp-block-heading\">Bolsonaro<\/h2>\n\n\n\n<p>H\u00e1 pouco, durante uma transmiss\u00e3o nas redes sociais, o presidente Jair Bolsonaro disse que a PF identificou o autor do ataque ao STJ.&nbsp;<\/p>\n\n\n\n<p>\u201cA Pol\u00edcia Federal entrou em a\u00e7\u00e3o imediatamente. Tive a informa\u00e7\u00e3o do diretor-geral da PF, Rolando Alexandre, e ele foi elogiado pelo presidente do STJ no que ele conseguiu at\u00e9 agora. J\u00e1 descobriram quem \u00e9 o hackeador. O cara hackeou e n\u00e3o conseguiu ficar duas horas escondido\u201d, disse o presidente.<\/p>\n\n\n\n<p>Edi\u00e7\u00e3o: Aline Leal<\/p>\n","protected":false},"excerpt":{"rendered":"<p>Segundo o tribunal, as informa\u00e7\u00f5es est\u00e3o preservadas em backup Por Andr\u00e9 Richter &#8211; Rep\u00f3rter da<\/p>\n","protected":false},"author":2,"featured_media":5039,"comment_status":"open","ping_status":"open","sticky":false,"template":"","format":"standard","meta":{"footnotes":""},"categories":[17],"tags":[],"class_list":["post-5038","post","type-post","status-publish","format-standard","has-post-thumbnail","hentry","category-outras-noticias"],"_links":{"self":[{"href":"https:\/\/tvc16.com\/portal\/wp-json\/wp\/v2\/posts\/5038","targetHints":{"allow":["GET"]}}],"collection":[{"href":"https:\/\/tvc16.com\/portal\/wp-json\/wp\/v2\/posts"}],"about":[{"href":"https:\/\/tvc16.com\/portal\/wp-json\/wp\/v2\/types\/post"}],"author":[{"embeddable":true,"href":"https:\/\/tvc16.com\/portal\/wp-json\/wp\/v2\/users\/2"}],"replies":[{"embeddable":true,"href":"https:\/\/tvc16.com\/portal\/wp-json\/wp\/v2\/comments?post=5038"}],"version-history":[{"count":1,"href":"https:\/\/tvc16.com\/portal\/wp-json\/wp\/v2\/posts\/5038\/revisions"}],"predecessor-version":[{"id":5042,"href":"https:\/\/tvc16.com\/portal\/wp-json\/wp\/v2\/posts\/5038\/revisions\/5042"}],"wp:featuredmedia":[{"embeddable":true,"href":"https:\/\/tvc16.com\/portal\/wp-json\/wp\/v2\/media\/5039"}],"wp:attachment":[{"href":"https:\/\/tvc16.com\/portal\/wp-json\/wp\/v2\/media?parent=5038"}],"wp:term":[{"taxonomy":"category","embeddable":true,"href":"https:\/\/tvc16.com\/portal\/wp-json\/wp\/v2\/categories?post=5038"},{"taxonomy":"post_tag","embeddable":true,"href":"https:\/\/tvc16.com\/portal\/wp-json\/wp\/v2\/tags?post=5038"}],"curies":[{"name":"wp","href":"https:\/\/api.w.org\/{rel}","templated":true}]}}