{"id":5043,"date":"2020-11-06T17:17:52","date_gmt":"2020-11-06T17:17:52","guid":{"rendered":"https:\/\/tvc16.com\/portal\/?p=5043"},"modified":"2020-11-06T17:17:52","modified_gmt":"2020-11-06T17:17:52","slug":"itau-cultural-lanca-plataforma-de-cursos-on-line-e-gratuitos","status":"publish","type":"post","link":"https:\/\/tvc16.com\/portal\/2020\/11\/06\/itau-cultural-lanca-plataforma-de-cursos-on-line-e-gratuitos\/","title":{"rendered":"Ita\u00fa Cultural lan\u00e7a plataforma de cursos on-line e gratuitos"},"content":{"rendered":"\n<h2 class=\"wp-block-heading\">A Escola Ita\u00fa Cultural j\u00e1 est\u00e1 com inscri\u00e7\u00f5es abertas para cinco cursos livres<\/h2>\n\n\n\n<p>N\u00e3o foram poucos os que, durante o isolamento social imposto pela<strong>&nbsp;pandemia de Covid-19,&nbsp;<\/strong>mergulharam em<strong>&nbsp;aulas virtuais<\/strong>, visando passar o tempo, adquirir novos conhecimentos ou buscar mais uma qualifica\u00e7\u00e3o profissional. Em di\u00e1logo com essa demanda crescente, nasce uma nova plataforma, enfatizando o<strong>&nbsp;ensino remoto de cultura e arte.<\/strong>&nbsp;Com inscri\u00e7\u00f5es abertas para&nbsp;<strong>forma\u00e7\u00f5es on-line e gratuitas,<\/strong>&nbsp;a&nbsp;<a href=\"https:\/\/escolaitaucultural.sa.crossknowledge.com\/sso\/connectOrRegisterLearner.php\/?register=yes&amp;login=@&amp;identity_field=login&amp;group_id=2&amp;activation=A&amp;1748E004-66A0-E793-8417-AA89E49838CA=Sim&amp;hash=67961a868e2bd6c0277a773f9bf0b483\" target=\"_blank\" rel=\"noreferrer noopener\"><strong>Escola Ita\u00fa Cultural&nbsp;<\/strong><\/a>reunir\u00e1 cursos, masterclasses, palestras, mestrados, especializa\u00e7\u00e3o em gest\u00e3o e pol\u00edticas culturais, c\u00e1tedra das ci\u00eancias, artes e tecnologia.<\/p>\n\n\n\n<p>Interessados j\u00e1 t\u00eam \u00e0 disposi\u00e7\u00e3o cinco cursos livres. Tr\u00eas deles requerem<strong>&nbsp;inscri\u00e7\u00e3o pr\u00e9via at\u00e9 7 de novembro:&nbsp;<\/strong>Introdu\u00e7\u00e3o ao Teatro Essencial, sobre o m\u00e9todo criado por Denise Stoklos; Media\u00e7\u00e3o Cultural Contempor\u00e2nea, que revisita os paradigmas da media\u00e7\u00e3o na cultura e debate as pr\u00e1ticas contempor\u00e2neas dessa \u00e1rea, e Entreolhares: Arte e Algoritmo Como Usar o Processamento Digital na Cria\u00e7\u00e3o de Po\u00e9ticas? Os outros dois juntam-se a eles, sem necessidade de inscri\u00e7\u00e3o \u2013 Constela\u00e7\u00e3o das Artes: Hist\u00f3rias da M\u00fasica e Sonoridades Brasileiras, que acompanha a constru\u00e7\u00e3o da ideia de identidade nacional por meio da m\u00fasica, e Constela\u00e7\u00e3o das Artes: Hist\u00f3ria do Brasil em 12 ingredientes e 1 dose, que trata da hist\u00f3ria gastron\u00f4mica brasileira.&nbsp;<\/p>\n\n\n\n<p>Ao logo do tempo, ser\u00e3o oferecidos diferentes tipos de cursos nos&nbsp;<strong>formatos a dist\u00e2ncia e h\u00edbridos&nbsp;<\/strong>(online\/presencial), autoformativos e mediados, em p\u00f3s-gradua\u00e7\u00e3o, cursos de extens\u00e3o da forma\u00e7\u00e3o acad\u00eamica e universit\u00e1ria e livres. Aqueles que frequentarem, no m\u00ednimo, 75% das aulas receber\u00e3o&nbsp;<strong>certificado nas m\u00faltiplas modalidades.&nbsp;<\/strong>Todos eles s\u00e3o voltados para as diversas \u00e1reas de atua\u00e7\u00e3o cultural da organiza\u00e7\u00e3o.<\/p>\n\n\n\n<p>\u201cEntendemos que criar condi\u00e7\u00f5es para a forma\u00e7\u00e3o \u00e9 um meio de promover a participa\u00e7\u00e3o do cidad\u00e3o, algo fundamental para o desenvolvimento de um pa\u00eds, ainda mais por meio da arte e da cultura\u201d, diz<strong>&nbsp;Eduardo Saron,<\/strong>&nbsp;diretor do Ita\u00fa Cultural. \u201cEsta plataforma pretende democratizar o acesso do p\u00fablico aos nossos cursos, mas tamb\u00e9m proporcionar a intera\u00e7\u00e3o com os diversos programas que oferecemos por meio dela, como por exemplo, a Enciclop\u00e9dia de Arte e Cultura Brasileira\u201d, continua ele.<\/p>\n\n\n\n<p>\u201cEm tempos em que a desigualdade grita de maneira ainda mais expressiva, \u00e9 preciso que todos dediquemos parte de nossos esfor\u00e7os para que mais pessoas tenham acesso a m\u00faltiplas possibilidades de forma\u00e7\u00e3o\u201d, conclui Saron.<\/p>\n\n\n\n<p>&nbsp;<br><strong>Servi\u00e7o<\/strong><br>Escola Ita\u00fa Cultural&nbsp;<br><a href=\"https:\/\/escolaitaucultural.sa.crossknowledge.com\/\" target=\"_blank\" rel=\"noreferrer noopener\">Cursos inaugurais&nbsp;<\/a><\/p>\n\n\n\n<p><em>Introdu\u00e7\u00e3o ao Teatro Essencial \/ EAD&nbsp;<\/em><br>Com Denise Stoklos&nbsp;&nbsp;<br>Curso livre&nbsp;<br>Inscri\u00e7\u00f5es pelo link da Escola Ita\u00fa Cultural at\u00e9 7 de novembro<br>Aulas de 16 de novembro (segunda-feira) a 18 de dezembro (sexta-feira)&nbsp;<\/p>\n\n\n\n<p><em>Media\u00e7\u00e3o Cultural Contempor\u00e2nea&nbsp;<\/em>&nbsp;<br>Com Everson Melquiades, Fabiana Barbosa, Renato Gama, Sidney da Costa Bispo, e Cl\u00e9o Pereira&nbsp;<br>Curso livre&nbsp;<br>Inscri\u00e7\u00f5es pelo link da Escola Ita\u00fa Cultural at\u00e9 7 de novembro<br>Aulas de 26 de novembro (quinta-feira) a 15 de dezembro (ter\u00e7a-feira)<\/p>\n\n\n\n<p><em>Entreolhares: Arte e Algoritmo Como usar o processamento digital na cria\u00e7\u00e3o de po\u00e9ticas?&nbsp;&nbsp;<\/em><br>Com Rejane Cantoni, Regina Silveira, Laurent Mignonneau, Ruairi Glynn e Marcos Cuzziol&nbsp;<br>Curso livre&nbsp;<br>Inscri\u00e7\u00f5es pelo link da Escola Ita\u00fa Cultural at\u00e9 7 de novembro<br>Divulga\u00e7\u00e3o de selecionados em 11 de novembro&nbsp;<br>Aulas de 16 (quarta-feira) a 25 de novembro (quarta-feira)&nbsp;&nbsp;<\/p>\n\n\n\n<p><em>Constela\u00e7\u00e3o das Artes: Hist\u00f3rias da M\u00fasica e Sonoridades Brasileiras&nbsp;&nbsp;<\/em><br>Com Jos\u00e9 Geraldo, M\u00f3nica Vermes e Tigan\u00e1 Santana.&nbsp;<br>Curso livre&nbsp;<br>Sem inscri\u00e7\u00f5es&nbsp;<br>Sempre dispon\u00edvel, a partir de 24 de novembro (ter\u00e7a-feira)&nbsp;<\/p>\n\n\n\n<p><em>Constela\u00e7\u00e3o das Artes: Hist\u00f3ria do Brasil em 12 ingredientes e 1 dose\u00a0\u00a0<\/em><br>Com Sandro Marques e Jo\u00e3o Luiz Maximo da Silva\u00a0<br>Curso livre\u00a0<br>Sem inscri\u00e7\u00f5es\u00a0<br>Sempre dispon\u00edvel, a partir de 24 de novembro (ter\u00e7a-feira)\u00a0<\/p>\n\n\n\n<p>fonte: Di\u00e1rio do Nordeste<br>\u00a0<\/p>\n","protected":false},"excerpt":{"rendered":"<p>A Escola Ita\u00fa Cultural j\u00e1 est\u00e1 com inscri\u00e7\u00f5es abertas para cinco cursos livres N\u00e3o foram<\/p>\n","protected":false},"author":2,"featured_media":5046,"comment_status":"open","ping_status":"open","sticky":false,"template":"","format":"standard","meta":{"footnotes":""},"categories":[21],"tags":[],"class_list":["post-5043","post","type-post","status-publish","format-standard","has-post-thumbnail","hentry","category-cultura"],"_links":{"self":[{"href":"https:\/\/tvc16.com\/portal\/wp-json\/wp\/v2\/posts\/5043","targetHints":{"allow":["GET"]}}],"collection":[{"href":"https:\/\/tvc16.com\/portal\/wp-json\/wp\/v2\/posts"}],"about":[{"href":"https:\/\/tvc16.com\/portal\/wp-json\/wp\/v2\/types\/post"}],"author":[{"embeddable":true,"href":"https:\/\/tvc16.com\/portal\/wp-json\/wp\/v2\/users\/2"}],"replies":[{"embeddable":true,"href":"https:\/\/tvc16.com\/portal\/wp-json\/wp\/v2\/comments?post=5043"}],"version-history":[{"count":1,"href":"https:\/\/tvc16.com\/portal\/wp-json\/wp\/v2\/posts\/5043\/revisions"}],"predecessor-version":[{"id":5047,"href":"https:\/\/tvc16.com\/portal\/wp-json\/wp\/v2\/posts\/5043\/revisions\/5047"}],"wp:featuredmedia":[{"embeddable":true,"href":"https:\/\/tvc16.com\/portal\/wp-json\/wp\/v2\/media\/5046"}],"wp:attachment":[{"href":"https:\/\/tvc16.com\/portal\/wp-json\/wp\/v2\/media?parent=5043"}],"wp:term":[{"taxonomy":"category","embeddable":true,"href":"https:\/\/tvc16.com\/portal\/wp-json\/wp\/v2\/categories?post=5043"},{"taxonomy":"post_tag","embeddable":true,"href":"https:\/\/tvc16.com\/portal\/wp-json\/wp\/v2\/tags?post=5043"}],"curies":[{"name":"wp","href":"https:\/\/api.w.org\/{rel}","templated":true}]}}