{"id":5048,"date":"2020-11-06T17:20:23","date_gmt":"2020-11-06T17:20:23","guid":{"rendered":"https:\/\/tvc16.com\/portal\/?p=5048"},"modified":"2020-11-06T17:20:23","modified_gmt":"2020-11-06T17:20:23","slug":"vitoriosas-do-cancer-de-mama-recebem-dia-de-beleza","status":"publish","type":"post","link":"https:\/\/tvc16.com\/portal\/2020\/11\/06\/vitoriosas-do-cancer-de-mama-recebem-dia-de-beleza\/","title":{"rendered":"Vitoriosas do c\u00e2ncer de mama recebem dia de beleza"},"content":{"rendered":"\n<p>Quatro vitoriosas que passaram pelo tratamento de c\u00e2ncer de mama e foram acompanhadas pela Associa\u00e7\u00e3o Petropolitana dos Pacientes Oncol\u00f3gicos, receberam um presente especial na \u00faltima semana: um verdadeiro dia de princesa, com direito a maquiagem, figurino e ensaio fotogr\u00e1fico.<\/p>\n\n\n\n<p>A ideia foi da empres\u00e1ria Eliane Elfrida, propriet\u00e1ria da marca Liz Bonita, que disponibilizou os looks para que as \u201cmodelos\u201d por um dia, pudessem revelar sua beleza, com um toque especial da maquiadora Jani Levandowski.<\/p>\n\n\n\n<p>\u201c\u00c9 uma forma de oferecer um pouco de conforto e carinho para essas pessoas que passaram por um momento t\u00e3o dif\u00edcil. Eu quis que elas vivessem essa experi\u00eancia, escolhendo o que fosse confort\u00e1vel para elas e trazendo um pouco mais de autoestima para essas guerreiras\u201d, diz a empres\u00e1ria.<\/p>\n\n\n\n<p>Segundo a psic\u00f3loga Aline Barbosa, a\u00e7\u00f5es deste tipo s\u00e3o fundamentais para os pacientes em acompanhamento e as que j\u00e1 trataram da doen\u00e7a.<\/p>\n\n\n\n<p>\u201cA preocupa\u00e7\u00e3o com a est\u00e9tica \u00e9 apontada por m\u00e9dicos e psic\u00f3logos como uma necessidade a ser trabalhada durante o tratamento. Atuando com medidas relativamente simples, muitos dos efeitos colaterais podem ser amenizados, refor\u00e7ando a autoestima e trazendo claros benef\u00edcios ao tratamento. O objetivo \u00e9 devolver a sensa\u00e7\u00e3o de &#8220;controle&#8221; de suas vidas, e, nesse aspecto, a apar\u00eancia pode ter papel fundamental\u201d, explica.<\/p>\n\n\n\n<p>Ros\u00e2ngela Silva, a Rosinha, foi uma das vitoriosas que participou da a\u00e7\u00e3o. E diz que se sentiu emocionada por ter sido escolhida para este movimento.<\/p>\n\n\n\n<p>\u201cFoi uma emo\u00e7\u00e3o muito grande participar disso. Eu fiquei emocionada em poder viver esse dia. Amei o look que escolhi, me senti linda e vivi um verdadeiro dia de estrela\u201d, conta.<\/p>\n\n\n\n<p>O evento contou ainda com a parceria do fot\u00f3grafo \u00c9der Floriano e das empresas Bronwie do Ton, Mercadinho Correas e Katz, que ofereceram produtos para uma cesta que foi entregue de presente para as vitoriosas. O ensaio completo ser\u00e1 divulgado em breve, pelas redes sociais da APPO.<\/p>\n","protected":false},"excerpt":{"rendered":"<p>Quatro vitoriosas que passaram pelo tratamento de c\u00e2ncer de mama e foram acompanhadas pela Associa\u00e7\u00e3o<\/p>\n","protected":false},"author":2,"featured_media":5050,"comment_status":"open","ping_status":"open","sticky":false,"template":"","format":"standard","meta":{"footnotes":""},"categories":[12],"tags":[],"class_list":["post-5048","post","type-post","status-publish","format-standard","has-post-thumbnail","hentry","category-cidade"],"_links":{"self":[{"href":"https:\/\/tvc16.com\/portal\/wp-json\/wp\/v2\/posts\/5048","targetHints":{"allow":["GET"]}}],"collection":[{"href":"https:\/\/tvc16.com\/portal\/wp-json\/wp\/v2\/posts"}],"about":[{"href":"https:\/\/tvc16.com\/portal\/wp-json\/wp\/v2\/types\/post"}],"author":[{"embeddable":true,"href":"https:\/\/tvc16.com\/portal\/wp-json\/wp\/v2\/users\/2"}],"replies":[{"embeddable":true,"href":"https:\/\/tvc16.com\/portal\/wp-json\/wp\/v2\/comments?post=5048"}],"version-history":[{"count":1,"href":"https:\/\/tvc16.com\/portal\/wp-json\/wp\/v2\/posts\/5048\/revisions"}],"predecessor-version":[{"id":5051,"href":"https:\/\/tvc16.com\/portal\/wp-json\/wp\/v2\/posts\/5048\/revisions\/5051"}],"wp:featuredmedia":[{"embeddable":true,"href":"https:\/\/tvc16.com\/portal\/wp-json\/wp\/v2\/media\/5050"}],"wp:attachment":[{"href":"https:\/\/tvc16.com\/portal\/wp-json\/wp\/v2\/media?parent=5048"}],"wp:term":[{"taxonomy":"category","embeddable":true,"href":"https:\/\/tvc16.com\/portal\/wp-json\/wp\/v2\/categories?post=5048"},{"taxonomy":"post_tag","embeddable":true,"href":"https:\/\/tvc16.com\/portal\/wp-json\/wp\/v2\/tags?post=5048"}],"curies":[{"name":"wp","href":"https:\/\/api.w.org\/{rel}","templated":true}]}}