{"id":5054,"date":"2020-11-06T17:25:50","date_gmt":"2020-11-06T17:25:50","guid":{"rendered":"https:\/\/tvc16.com\/portal\/?p=5054"},"modified":"2020-11-06T17:25:50","modified_gmt":"2020-11-06T17:25:50","slug":"diretor-do-denatran-comenta-principais-mudancas-no-codigo-de-transito-brasileiro","status":"publish","type":"post","link":"https:\/\/tvc16.com\/portal\/2020\/11\/06\/diretor-do-denatran-comenta-principais-mudancas-no-codigo-de-transito-brasileiro\/","title":{"rendered":"Diretor do Denatran comenta principais mudan\u00e7as no C\u00f3digo de Tr\u00e2nsito Brasileiro"},"content":{"rendered":"\n<p>Em entrevista exclusiva ao portal Brasil61.com, Frederico de Moura Carneiro, comentou sobre as principais mudan\u00e7as na legisla\u00e7\u00e3o prevista no C\u00f3digo de Tr\u00e2nsito Brasileiro<\/p>\n\n\n\n<p>Ap\u00f3s a san\u00e7\u00e3o, pelo presidente Jair Bolsonaro, da lei que altera o C\u00f3digo de Tr\u00e2nsito Brasileiro (CTB), os condutores ser\u00e3o submetidos a mudan\u00e7as que v\u00e3o da renova\u00e7\u00e3o da Carteira Nacional de Habilita\u00e7\u00e3o (CNH) a penalidades por infra\u00e7\u00f5es cometidas no tr\u00e2nsito. Pelas novas regras, a renova\u00e7\u00e3o da CNH, por exemplo, passar\u00e1 a ser de 10 anos para condutores com menos de 50 anos; de 5 anos para condutores com idade igual ou superior a 50 anos e inferior a 70 anos e de 3 anos para condutores com 70 anos ou mais.<\/p>\n\n\n\n<p>Em entrevista exclusiva ao portal <a href=\"https:\/\/brasil61.com\/\">Brasil61.com<\/a>, o diretor do Departamento Nacional de Tr\u00e2nsito <a href=\"https:\/\/www.gov.br\/infraestrutura\/pt-br\/assuntos\/denatran\">(Denatran)<\/a>, Frederico de Moura Carneiro, explicou que todas as altera\u00e7\u00f5es s\u00f3 entram em vigor a partir de abril de 2021. Sobre a mudan\u00e7a no prazo para renova\u00e7\u00e3o da carteira de habilita\u00e7\u00e3o, ele afirmou que a medida levou em conta, principalmente, as condi\u00e7\u00f5es f\u00edsicas de cada condutor, o que tem uma rela\u00e7\u00e3o direta com a idade. &nbsp;<\/p>\n\n\n\n<p>\u201cAt\u00e9 os 50 anos de idade, a vis\u00e3o e outras capacidades f\u00edsicas, card\u00edacas e respirat\u00f3rias ficam preservadas. De 50 a 70 anos, doen\u00e7as come\u00e7am a aparecer e o desgaste do corpo f\u00edsico j\u00e1 vai sendo mais evidente. Para condutores com mais de 70 anos de idade a periodicidade tem que ser menor ainda. Caso um condutor, ao realizar um exame e o m\u00e9dico constate que ele tem alguma doen\u00e7a degenerativa, por exemplo, o pr\u00f3prio m\u00e9dico pode solicitar uma periodicidade espec\u00edfica\u201d, pontua.<\/p>\n\n\n\n<figure class=\"wp-block-image\"><img decoding=\"async\" src=\"\/\/s3-sa-east-1.amazonaws.com\/agencia-radio-arb\/3096\/content_alteracoes-ctb_%282%29.png\" alt=\"\" title=\"Brasil 61\"\/><\/figure>\n\n\n\n<p>Atualmente, o C\u00f3digo de Tr\u00e2nsito estabelece que a renova\u00e7\u00e3o seja feita a cada cinco anos para a maioria dos motoristas e a cada tr\u00eas anos para condutores com mais de 65 anos de idade.<br>Durante a entrevista, Frederico de Moura destacou, ainda, que o projeto sancionado prev\u00ea diferentes limites de pontua\u00e7\u00e3o na CNH, antes da suspens\u00e3o, no prazo de 12 meses. Segundo ele, a norma diz que s\u00e3o 40 pontos para quem n\u00e3o tiver infra\u00e7\u00e3o grav\u00edssima; 30 pontos para quem possuir uma grav\u00edssima e 20 pontos para quem tiver duas ou mais infra\u00e7\u00f5es do tipo.<\/p>\n\n\n\n<p>\u201cTem uma outra exce\u00e7\u00e3o \u00e0 essa regra, que \u00e9 para o caso dos motoristas profissionais, ou seja, que exercem atividade remunerada ao volante. \u00c9 o caso do motorista de taxi, motorista de transporte por aplicativo, motorista de \u00f4nibus, de caminh\u00f5es, transporte escolar, al\u00e9m de outras categorias. Para esses condutores, o limite \u00e9 de 40 pontos, independentemente se cometeu ou n\u00e3o algum tipo de infra\u00e7\u00e3o grav\u00edssima\u201d, explicou.<\/p>\n\n\n\n<p>Questionado se houve alguma altera\u00e7\u00e3o em rela\u00e7\u00e3o a chamada Lei Seca, o diretor do Denatran afirmou que as regras continuam as mesmas para quem for flagrado dirigindo embriagado. No entanto, ele ressaltou que teve modifica\u00e7\u00e3o na legisla\u00e7\u00e3o para quem cometer algum crime de tr\u00e2nsito sob efeito de droga ou \u00e1lcool.<\/p>\n\n\n\n<p>\u201cA pena da restri\u00e7\u00e3o da liberdade, ou seja, a pris\u00e3o, ela \u00e9 obrigat\u00f3ria. Ent\u00e3o o juiz n\u00e3o pode mais converter essa pena em outra alternativa. Tinha essa possibilidade antes. \u00c0s vezes, o condutor era condenado a, por exemplo, fornecer cestas b\u00e1sicas, ou fazer uma presta\u00e7\u00e3o de servi\u00e7o comunit\u00e1rio, acompanhar o tratamento de v\u00edtimas politraumatizadas de acidente de tr\u00e2nsito. Essa op\u00e7\u00e3o n\u00e3o vai mais existir\u201d, salientou.<\/p>\n\n\n\n<p>Na ocasi\u00e3o, Frederico de Moura Carneiro lembrou que a validade da CNH, durante a pandemia, est\u00e1 interrompida. Sendo assim, todo condutor cuja carteira de habilita\u00e7\u00e3o venceu do dia 19 de fevereiro de 2020 at\u00e9 agora, continua com a CNH em vigor. No entanto, ele ressalta que os servi\u00e7os para esta regulamenta\u00e7\u00e3o est\u00e3o sendo retomados, ainda que de forma gradativa. Sendo assim, a orienta\u00e7\u00e3o \u00e9 de que os motoristas j\u00e1 comecem a procurar as unidades autorizadas para a renova\u00e7\u00e3o do documento.<\/p>\n\n\n\n<figure class=\"wp-block-embed-youtube wp-block-embed is-type-rich is-provider-incorporar-manipulador wp-embed-aspect-16-9 wp-has-aspect-ratio\"><div class=\"wp-block-embed__wrapper\">\n<iframe loading=\"lazy\" title=\"Entrevistado da semana_ Diretor do Denatran, Frederico de Moura Carneiro\" width=\"640\" height=\"360\" src=\"https:\/\/www.youtube.com\/embed\/4M9sZMmyAZw?feature=oembed\" frameborder=\"0\" allow=\"accelerometer; autoplay; clipboard-write; encrypted-media; gyroscope; picture-in-picture; web-share\" referrerpolicy=\"strict-origin-when-cross-origin\" allowfullscreen><\/iframe>\n<\/div><\/figure>\n\n\n\n<p>Fonte: <a href=\"https:\/\/brasil61.com\/noticias\/diretor-do-denatran-comenta-principais-mudancas-no-codigo-de-transito-brasileiro-bras202492?email=bethdeoliveira@yahoo.com.br&amp;utm_source=newsletter&amp;utm_medium=newsletter&amp;utm_campaign=newsletter\" target=\"_blank\" rel=\"noreferrer noopener\">Brasil 61<\/a><\/p>\n","protected":false},"excerpt":{"rendered":"<p>Em entrevista exclusiva ao portal Brasil61.com, Frederico de Moura Carneiro, comentou sobre as principais mudan\u00e7as<\/p>\n","protected":false},"author":2,"featured_media":5055,"comment_status":"open","ping_status":"open","sticky":false,"template":"","format":"standard","meta":{"footnotes":""},"categories":[14],"tags":[],"class_list":["post-5054","post","type-post","status-publish","format-standard","has-post-thumbnail","hentry","category-pais"],"_links":{"self":[{"href":"https:\/\/tvc16.com\/portal\/wp-json\/wp\/v2\/posts\/5054","targetHints":{"allow":["GET"]}}],"collection":[{"href":"https:\/\/tvc16.com\/portal\/wp-json\/wp\/v2\/posts"}],"about":[{"href":"https:\/\/tvc16.com\/portal\/wp-json\/wp\/v2\/types\/post"}],"author":[{"embeddable":true,"href":"https:\/\/tvc16.com\/portal\/wp-json\/wp\/v2\/users\/2"}],"replies":[{"embeddable":true,"href":"https:\/\/tvc16.com\/portal\/wp-json\/wp\/v2\/comments?post=5054"}],"version-history":[{"count":1,"href":"https:\/\/tvc16.com\/portal\/wp-json\/wp\/v2\/posts\/5054\/revisions"}],"predecessor-version":[{"id":5057,"href":"https:\/\/tvc16.com\/portal\/wp-json\/wp\/v2\/posts\/5054\/revisions\/5057"}],"wp:featuredmedia":[{"embeddable":true,"href":"https:\/\/tvc16.com\/portal\/wp-json\/wp\/v2\/media\/5055"}],"wp:attachment":[{"href":"https:\/\/tvc16.com\/portal\/wp-json\/wp\/v2\/media?parent=5054"}],"wp:term":[{"taxonomy":"category","embeddable":true,"href":"https:\/\/tvc16.com\/portal\/wp-json\/wp\/v2\/categories?post=5054"},{"taxonomy":"post_tag","embeddable":true,"href":"https:\/\/tvc16.com\/portal\/wp-json\/wp\/v2\/tags?post=5054"}],"curies":[{"name":"wp","href":"https:\/\/api.w.org\/{rel}","templated":true}]}}