{"id":5058,"date":"2020-11-06T17:27:13","date_gmt":"2020-11-06T17:27:13","guid":{"rendered":"https:\/\/tvc16.com\/portal\/?p=5058"},"modified":"2020-11-06T17:27:13","modified_gmt":"2020-11-06T17:27:13","slug":"mais-de-r-15-bi-e-investido-no-combate-ao-coronavirus","status":"publish","type":"post","link":"https:\/\/tvc16.com\/portal\/2020\/11\/06\/mais-de-r-15-bi-e-investido-no-combate-ao-coronavirus\/","title":{"rendered":"Mais de R$ 1,5 bi \u00e9 investido no combate ao coronav\u00edrus"},"content":{"rendered":"\n<p>Dinheiro ser\u00e1 usado para aprimorar medidas de detec\u00e7\u00e3o precoce da doen\u00e7a e programa de imuniza\u00e7\u00e3o<\/p>\n\n\n\n<p>O Governo Federal anunciou investimento de mais de R$ 1,5 bilh\u00e3o para fortalecimento de a\u00e7\u00f5es de combate ao novo coronav\u00edrus. Os recursos servir\u00e3o para financiar o Projeto VigiAR SUS, que consiste em uma s\u00e9ries de a\u00e7\u00f5es por parte do Minist\u00e9rio da Sa\u00fade.<\/p>\n\n\n\n<p>Segundo a pasta, por meio da iniciativa ser\u00e1 poss\u00edvel ampliar e fortalecer a\u00e7\u00f5es locais para uma resposta mais r\u00e1pida sobre o comportamento do v\u00edrus nos estados e munic\u00edpios, como a detec\u00e7\u00e3o precoce, alerta a mudan\u00e7as no cen\u00e1rio epidemiol\u00f3gico local, preven\u00e7\u00e3o e controle da dissemina\u00e7\u00e3o do v\u00edrus, notifica\u00e7\u00e3o imediata, entre outras a\u00e7\u00f5es.<\/p>\n\n\n\n<p>Arnaldo Medeiros, secret\u00e1rio de Vigil\u00e2ncia em Sa\u00fade, afirma que o projeto ir\u00e1 beneficiar o Sistema P\u00fablico de Sa\u00fade (SUS) como um todo e que as a\u00e7\u00f5es da iniciativa n\u00e3o se restringem ao combate ao novo coronav\u00edrus.&nbsp;<\/p>\n\n\n\n<p>\u201c\u00c9 um investimento significativo para fortalecermos, ampliarmos e garantirmos uma capacidade de vigil\u00e2ncia, aten\u00e7\u00e3o e resposta \u00e0s emerg\u00eancias na sa\u00fade p\u00fablica brasileira\u201d, explica o secret\u00e1rio.<\/p>\n\n\n\n<p>O dinheiro j\u00e1 come\u00e7ou a ser transferido aos entes federativos, para o aprimoramento rede de vigil\u00e2ncia epidemiol\u00f3gica, que \u00e9 respons\u00e1vel por a\u00e7\u00f5es como detec\u00e7\u00e3o e monitoramento do coronav\u00edrus, testagens, vacina\u00e7\u00e3o, pesquisas, confirma\u00e7\u00e3o da causa de morte, entre outras.<\/p>\n\n\n\n<p>A maior parte dos recursos &#8211; R$ 285 milh\u00f5es &#8211; ser\u00e1 utilizada para a amplia\u00e7\u00e3o da capacidade de testagem dos Laborat\u00f3rios Centrais de Sa\u00fade P\u00fablica (Lacen) e de toda a rede de vigil\u00e2ncia laboratorial o que, segundo o Minist\u00e9rio da Sa\u00fade, vai fortalecer os servi\u00e7os de detec\u00e7\u00e3o e investiga\u00e7\u00e3o de surtos, estudos de preval\u00eancia do v\u00edrus e tamb\u00e9m o seu monitoramento.<\/p>\n\n\n\n<p>Tamb\u00e9m ser\u00e3o investidos R$ 204 milh\u00f5es para a realiza\u00e7\u00e3o de uma pesquisa para estimar a preval\u00eancia da Covid-19 em 3.464 munic\u00edpios. Aproximadamente 600 mil pessoas devem participar do estudo. Segundo o governo a pesquisa fornecer\u00e1 dados sobre a dissemina\u00e7\u00e3o do v\u00edrus no Pa\u00eds, o que possibilitar\u00e1 que se conhe\u00e7a a din\u00e2mica da doen\u00e7a no Brasil e, dessa forma, planejar melhor a implementa\u00e7\u00e3o de medidas de preven\u00e7\u00e3o, conten\u00e7\u00e3o e controle da enfermidade.<\/p>\n\n\n\n<p><strong><a href=\"https:\/\/brasil61.com\/noticias\/obras-financiadas-pelo-fundo-nacional-de-saude-sao-prorrogadas-bras202364\" target=\"_blank\" rel=\"noreferrer noopener\">Obras financiadas pelo Fundo Nacional de Sa\u00fade s\u00e3o prorrogadas<\/a><\/strong><\/p>\n\n\n\n<p><strong><a href=\"https:\/\/brasil61.com\/noticias\/votacao-do-projeto-que-cria-regras-para-distribuicao-das-vacinas-contra-covid-19-e-adiada-no-senado-bras202214\" target=\"_blank\" rel=\"noreferrer noopener\">Vota\u00e7\u00e3o do projeto que cria regras para distribui\u00e7\u00e3o das vacinas contra Covid-19 \u00e9 adiada no Senado<\/a><\/strong><\/p>\n\n\n\n<p>Medeiros explicou que o projeto ir\u00e1 possibilitar uma maior integra\u00e7\u00e3o entre o governo federal com estados e munic\u00edpios. Al\u00e9m disso, segundo ele, o dinheiro tamb\u00e9m vai proporcionar a aberturas de novos Centros de Informa\u00e7\u00f5es Estrat\u00e9gicas em Vigil\u00e2ncia em Sa\u00fade (Cievs) e amplia\u00e7\u00e3o do EpiSUS, programa de treinamento em epidemiologia aplicada aos servi\u00e7os da sa\u00fade p\u00fablica.<\/p>\n\n\n\n<p>\u201cA partir de agora, a nossa secretaria, juntamente com \u00f3rg\u00e3os estaduais e municipais e a rede de vigil\u00e2ncia em sa\u00fade de todo o Pa\u00eds vai trabalhar para estabelecer e tornar a abertura de Cievs, da melhoria dos laborat\u00f3rios, do EpiSUS.\u201d&nbsp;<\/p>\n\n\n\n<h2 class=\"wp-block-heading\">Imuniza\u00e7\u00e3o<\/h2>\n\n\n\n<p>O Programa Nacional de Imuniza\u00e7\u00e3o (PNI) contar\u00e1 com um refor\u00e7o de R$ 85,3 milh\u00f5es, que servir\u00e1 para ampliar e fortalecer os servi\u00e7os de imuniza\u00e7\u00e3o. Entre outras a\u00e7\u00f5es, o Minist\u00e9rio da Sa\u00fade diz que esses recursos ser\u00e3o utilizados para garantir a qualidade e seguran\u00e7a das vacinas e melhorias das salas de vacina\u00e7\u00e3o.<\/p>\n\n\n\n<p>Fonte: <a href=\"https:\/\/brasil61.com\/noticias\/mais-de-r-1-5-bi-e-investido-no-combate-ao-coronavirus-bras202476?email=bethdeoliveira@yahoo.com.br&amp;utm_source=newsletter&amp;utm_medium=newsletter&amp;utm_campaign=newsletter\" target=\"_blank\" rel=\"noreferrer noopener\">Brasil 61<\/a><\/p>\n","protected":false},"excerpt":{"rendered":"<p>Dinheiro ser\u00e1 usado para aprimorar medidas de detec\u00e7\u00e3o precoce da doen\u00e7a e programa de imuniza\u00e7\u00e3o<\/p>\n","protected":false},"author":2,"featured_media":5059,"comment_status":"open","ping_status":"open","sticky":false,"template":"","format":"standard","meta":{"footnotes":""},"categories":[13],"tags":[],"class_list":["post-5058","post","type-post","status-publish","format-standard","has-post-thumbnail","hentry","category-saude"],"_links":{"self":[{"href":"https:\/\/tvc16.com\/portal\/wp-json\/wp\/v2\/posts\/5058","targetHints":{"allow":["GET"]}}],"collection":[{"href":"https:\/\/tvc16.com\/portal\/wp-json\/wp\/v2\/posts"}],"about":[{"href":"https:\/\/tvc16.com\/portal\/wp-json\/wp\/v2\/types\/post"}],"author":[{"embeddable":true,"href":"https:\/\/tvc16.com\/portal\/wp-json\/wp\/v2\/users\/2"}],"replies":[{"embeddable":true,"href":"https:\/\/tvc16.com\/portal\/wp-json\/wp\/v2\/comments?post=5058"}],"version-history":[{"count":1,"href":"https:\/\/tvc16.com\/portal\/wp-json\/wp\/v2\/posts\/5058\/revisions"}],"predecessor-version":[{"id":5060,"href":"https:\/\/tvc16.com\/portal\/wp-json\/wp\/v2\/posts\/5058\/revisions\/5060"}],"wp:featuredmedia":[{"embeddable":true,"href":"https:\/\/tvc16.com\/portal\/wp-json\/wp\/v2\/media\/5059"}],"wp:attachment":[{"href":"https:\/\/tvc16.com\/portal\/wp-json\/wp\/v2\/media?parent=5058"}],"wp:term":[{"taxonomy":"category","embeddable":true,"href":"https:\/\/tvc16.com\/portal\/wp-json\/wp\/v2\/categories?post=5058"},{"taxonomy":"post_tag","embeddable":true,"href":"https:\/\/tvc16.com\/portal\/wp-json\/wp\/v2\/tags?post=5058"}],"curies":[{"name":"wp","href":"https:\/\/api.w.org\/{rel}","templated":true}]}}