{"id":5061,"date":"2020-11-06T17:30:05","date_gmt":"2020-11-06T17:30:05","guid":{"rendered":"https:\/\/tvc16.com\/portal\/?p=5061"},"modified":"2020-11-06T17:30:05","modified_gmt":"2020-11-06T17:30:05","slug":"36-dos-motoristas-de-aplicativo-se-afastaram-do-trabalho-por-conta-da-pandemia","status":"publish","type":"post","link":"https:\/\/tvc16.com\/portal\/2020\/11\/06\/36-dos-motoristas-de-aplicativo-se-afastaram-do-trabalho-por-conta-da-pandemia\/","title":{"rendered":"36% dos motoristas de aplicativo se afastaram do trabalho por conta da pandemia"},"content":{"rendered":"\n<p>Pesquisa feita pela UFMG tamb\u00e9m mostrou que o rendimento desses trabalhadores caiu por conta da Covid-19<\/p>\n\n\n\n<p><a href=\"https:\/\/www.oscovid.com.br\/post\/os-motoristas-de-aplicativo-e-a-pandemia-do-coronavirus\" target=\"_blank\" rel=\"noreferrer noopener\">Estudo<\/a> realizado pelo Observat\u00f3rio Social da Covid-19 da Universidade Federal de Minas Gerais (UFMG), apontou que 36% dos motoristas de aplicativo se afastaram do trabalho por conta da pandemia do novo coronav\u00edrus. De acordo com a pesquisa, que considerou informa\u00e7\u00f5es do m\u00eas de abril deste ano, entre os motoristas que continuaram as suas fun\u00e7\u00f5es, a m\u00e9dia de horas trabalhadas semanalmente caiu de 45 horas para aproximadamente 20 horas.&nbsp;<\/p>\n\n\n\n<p>Os autores do estudo utilizaram informa\u00e7\u00f5es da Pesquisa Nacional por Amostra de Domic\u00edlios Covid-19 (<a href=\"https:\/\/covid19.ibge.gov.br\/pnad-covid\/\" target=\"_blank\" rel=\"noreferrer noopener\">Pnad-Covid<\/a>), feita pelo Instituto Brasileiro de Geografia e Estat\u00edstica (IBGE). Marden Campos, coordenador do Observat\u00f3rio, afirma que a pandemia evidenciou a precariedade de&nbsp;trabalho dos motoristas de aplicativo.&nbsp;<\/p>\n\n\n\n<p>\u201cAs condi\u00e7\u00f5es desses trabalhadores s\u00e3o mais prec\u00e1rias porque eles ficam mais expostos. Al\u00e9m disso, h\u00e1 o fato de que os custos do trabalho s\u00e3o totalmente arcados pelos motoristas, como o cuidado com carro e eles ainda t\u00eam que ter dinheiro reservado para eventuais afastamentos.\u201d<\/p>\n\n\n\n<p><strong><a href=\"https:\/\/brasil61.com\/noticias\/pandemia-prejudicou-rendimento-medio-habitual-do-trabalhador-brasileiro-segundo-ipea-bras201245\" target=\"_blank\" rel=\"noreferrer noopener\">Pandemia prejudicou rendimento m\u00e9dio habitual do trabalhador brasileiro, segundo Ipea<\/a><\/strong><\/p>\n\n\n\n<p><strong><a href=\"https:\/\/brasil61.com\/noticias\/auxilio-emergencial-melhora-padrao-de-vida-em-mais-de-23-milhoes-de-domicilios-diz-estudo-do-ministerio-da-economia-bras200848\" target=\"_blank\" rel=\"noreferrer noopener\">Aux\u00edlio emergencial melhora padr\u00e3o de vida em mais de 23 milh\u00f5es de domic\u00edlios, diz estudo do Minist\u00e9rio da Economia<\/a><\/strong><\/p>\n\n\n\n<p>Os pesquisadores tamb\u00e9m constataram que a renda dos motoristas caiu por conta do alastramento do novo coronav\u00edrus. Em abril, o sal\u00e1rio m\u00e9dio desses trabalhadores correspondia a 79,8% da renda m\u00e9dia de trabalho em todo o Pa\u00eds. J\u00e1 entre 2015 e 2020, o rendimento m\u00e9dio desses trabalhadores recuou 12%.<\/p>\n\n\n\n<p>Al\u00e9m dos efeitos da pandemia, Marden Campos explica que essa diminui\u00e7\u00e3o tamb\u00e9m se d\u00e1 por conta do aumento da concorr\u00eancia entre os aplicativos, que faz com que o pre\u00e7o das viagens sejam reduzidos com o objetivo de atrair mais passageiros. \u201cEles t\u00eam sido for\u00e7ados a trabalhar cada vez mais, e a concorr\u00eancia acirrada entre as plataformas t\u00eam feito com que os pre\u00e7os das corridas caiam\u201d, afirma.<\/p>\n\n\n\n<p>Denis Duarte, motorista de aplicativo em Belo Horizonte, afirma que o novo coronav\u00edrus atrapalhou o planejamento financeiro que ele havia feito para este ano e que os seus rendimentos ca\u00edram consideravelmente. &#8220;Tive preju\u00edzo com a pandemia. Devido \u00e0 baixa demanda por corridas, os ganhos que eu havia programado diminu\u00edram cerca de 70%&#8221;, diz.<\/p>\n\n\n\n<p>Duarte, que tamb\u00e9m \u00e9 secret\u00e1rio geral do Sindicato dos Condutores de Ve\u00edculos que Utilizam Aplicativo de Minas Gerais (Sicovapp), afirma que a entidade precisou recorrer \u00e0 justi\u00e7a para que as plataformas come\u00e7assem a fornecer itens de seguran\u00e7a.&nbsp;<\/p>\n\n\n\n<p>Em nota, a Uber afirma que desde o come\u00e7o da pandemia tem oferecido itens de seguran\u00e7a aos motoristas e entregadores como \u00e1lcool em gel e m\u00e1scaras, e que os trabalhadores que s\u00e3o infectados pelo novo coronav\u00edrus recebem uma assist\u00eancia financeira por at\u00e9 14 dias.<\/p>\n\n\n\n<p>A 99 tamb\u00e9m diz que tem oferecido materiais de seguran\u00e7a aos condutores e que a pesquisa feita pela UFMG cont\u00e9m informa\u00e7\u00f5es imprecisas sobre a realidade dos motoristas. Ambas as empresas alegam que adotam outras medidas para conter o avan\u00e7o da doen\u00e7a&nbsp;entre os seus parceiros, como a ado\u00e7\u00e3o de regras de higiene durante as viagens.&nbsp;<\/p>\n\n\n\n<p>Fonte: <a href=\"https:\/\/brasil61.com\/noticias\/36-dos-motoristas-de-aplicativo-se-afastaram-do-trabalho-por-conta-da-pandemia-bras202461?email=bethdeoliveira@yahoo.com.br&amp;utm_source=newsletter&amp;utm_medium=newsletter&amp;utm_campaign=newsletter\" target=\"_blank\" rel=\"noreferrer noopener\">Brasil 61<\/a><\/p>\n","protected":false},"excerpt":{"rendered":"<p>Pesquisa feita pela UFMG tamb\u00e9m mostrou que o rendimento desses trabalhadores caiu por conta da<\/p>\n","protected":false},"author":2,"featured_media":5062,"comment_status":"open","ping_status":"open","sticky":false,"template":"","format":"standard","meta":{"footnotes":""},"categories":[17],"tags":[],"class_list":["post-5061","post","type-post","status-publish","format-standard","has-post-thumbnail","hentry","category-outras-noticias"],"_links":{"self":[{"href":"https:\/\/tvc16.com\/portal\/wp-json\/wp\/v2\/posts\/5061","targetHints":{"allow":["GET"]}}],"collection":[{"href":"https:\/\/tvc16.com\/portal\/wp-json\/wp\/v2\/posts"}],"about":[{"href":"https:\/\/tvc16.com\/portal\/wp-json\/wp\/v2\/types\/post"}],"author":[{"embeddable":true,"href":"https:\/\/tvc16.com\/portal\/wp-json\/wp\/v2\/users\/2"}],"replies":[{"embeddable":true,"href":"https:\/\/tvc16.com\/portal\/wp-json\/wp\/v2\/comments?post=5061"}],"version-history":[{"count":1,"href":"https:\/\/tvc16.com\/portal\/wp-json\/wp\/v2\/posts\/5061\/revisions"}],"predecessor-version":[{"id":5063,"href":"https:\/\/tvc16.com\/portal\/wp-json\/wp\/v2\/posts\/5061\/revisions\/5063"}],"wp:featuredmedia":[{"embeddable":true,"href":"https:\/\/tvc16.com\/portal\/wp-json\/wp\/v2\/media\/5062"}],"wp:attachment":[{"href":"https:\/\/tvc16.com\/portal\/wp-json\/wp\/v2\/media?parent=5061"}],"wp:term":[{"taxonomy":"category","embeddable":true,"href":"https:\/\/tvc16.com\/portal\/wp-json\/wp\/v2\/categories?post=5061"},{"taxonomy":"post_tag","embeddable":true,"href":"https:\/\/tvc16.com\/portal\/wp-json\/wp\/v2\/tags?post=5061"}],"curies":[{"name":"wp","href":"https:\/\/api.w.org\/{rel}","templated":true}]}}