{"id":5064,"date":"2020-11-06T17:32:23","date_gmt":"2020-11-06T17:32:23","guid":{"rendered":"https:\/\/tvc16.com\/portal\/?p=5064"},"modified":"2020-11-06T17:32:23","modified_gmt":"2020-11-06T17:32:23","slug":"facebook-faz-campanha-para-adesao-dos-brasileiros-as-eleicoes-municipais-2020","status":"publish","type":"post","link":"https:\/\/tvc16.com\/portal\/2020\/11\/06\/facebook-faz-campanha-para-adesao-dos-brasileiros-as-eleicoes-municipais-2020\/","title":{"rendered":"Facebook faz campanha para ades\u00e3o dos brasileiros \u00e0s elei\u00e7\u00f5es municipais 2020"},"content":{"rendered":"\n<p>A imagem do megafone que aparecer\u00e1 na p\u00e1gina dos usu\u00e1rios vai direcionar para o site da Justi\u00e7a Eleitoral para dar mais informa\u00e7\u00f5es sobre a vota\u00e7\u00e3o<\/p>\n\n\n\n<p>Nos pr\u00f3ximo dias at\u00e9 o segundo turno das elei\u00e7\u00f5es municipais de 2020, os usu\u00e1rios do Facebook no Brasil v\u00e3o encontrar em suas contas na rede social <a href=\"https:\/\/www.tse.jus.br\/imprensa\/noticias-tse\/2020\/Novembro\/facebook-mostra-aos-usuarios-aviso-sobre-as-eleicoes-2020\">a imagem de um megafone com a mensagem \u201cPrepare-se para votar\u201d<\/a>. O convite direciona o cidad\u00e3o para &nbsp;site da Justi\u00e7a Eleitoral, onde poder\u00e1 encontrar mais informa\u00e7\u00f5es sobre a vota\u00e7\u00e3o em seu estado e cidade.&nbsp;<\/p>\n\n\n\n<p>O convite tamb\u00e9m leva os usu\u00e1rios para o canal para terem mais informa\u00e7\u00f5es sobre as<a href=\"https:\/\/www.tse.jus.br\/imprensa\/noticias-tse\/arquivos\/plano-de-seguranca-sanitaria-eleicoes-2020\/rybena_pdf?file=https:\/\/www.tse.jus.br\/imprensa\/noticias-tse\/arquivos\/plano-de-seguranca-sanitaria-eleicoes-2020\/at_download\/file\"> medidas sanit\u00e1rias adotadas pela Justi\u00e7a Eleitoral<\/a> para garantir a seguran\u00e7a dos eleitores no cen\u00e1rio da pandemia causada pela Covid-19.<\/p>\n\n\n\n<p>A fun\u00e7\u00e3o do Megafone faz parte da <a href=\"http:\/\/http:\/\/www.justicaeleitoral.jus.br\/parcerias-digitais-eleicoes\">parceria entre o Tribunal Superior Eleitoral (TSE) e o Facebook Brasil<\/a> para combater a desinforma\u00e7\u00e3o e incentivar a circula\u00e7\u00e3o de informa\u00e7\u00f5es oficiais sobre o processo eleitoral. As plataformas ofereceram produtos e servi\u00e7os, sem custo aos cofres p\u00fablicos. Al\u00e9m disso, o &nbsp;acesso ao link indicado pelo Facebook \u00e9 livre de cobran\u00e7a do pacote de dados, ou seja, zero rating, conforme acordo firmado pelo TSE com o setor de telecomunica\u00e7\u00f5es.<\/p>\n\n\n\n<p>Fonte: <a href=\"https:\/\/brasil61.com\/noticias\/facebook-faz-campanha-para-adesao-dos-brasileiros-as-eleicoes-municipais-2020-bras202489?email=bethdeoliveira@yahoo.com.br&amp;utm_source=newsletter&amp;utm_medium=newsletter&amp;utm_campaign=newsletter\" target=\"_blank\" rel=\"noreferrer noopener\">Brasil 61<\/a><\/p>\n","protected":false},"excerpt":{"rendered":"<p>A imagem do megafone que aparecer\u00e1 na p\u00e1gina dos usu\u00e1rios vai direcionar para o site<\/p>\n","protected":false},"author":2,"featured_media":5065,"comment_status":"open","ping_status":"open","sticky":false,"template":"","format":"standard","meta":{"footnotes":""},"categories":[15],"tags":[],"class_list":["post-5064","post","type-post","status-publish","format-standard","has-post-thumbnail","hentry","category-politica"],"_links":{"self":[{"href":"https:\/\/tvc16.com\/portal\/wp-json\/wp\/v2\/posts\/5064","targetHints":{"allow":["GET"]}}],"collection":[{"href":"https:\/\/tvc16.com\/portal\/wp-json\/wp\/v2\/posts"}],"about":[{"href":"https:\/\/tvc16.com\/portal\/wp-json\/wp\/v2\/types\/post"}],"author":[{"embeddable":true,"href":"https:\/\/tvc16.com\/portal\/wp-json\/wp\/v2\/users\/2"}],"replies":[{"embeddable":true,"href":"https:\/\/tvc16.com\/portal\/wp-json\/wp\/v2\/comments?post=5064"}],"version-history":[{"count":1,"href":"https:\/\/tvc16.com\/portal\/wp-json\/wp\/v2\/posts\/5064\/revisions"}],"predecessor-version":[{"id":5066,"href":"https:\/\/tvc16.com\/portal\/wp-json\/wp\/v2\/posts\/5064\/revisions\/5066"}],"wp:featuredmedia":[{"embeddable":true,"href":"https:\/\/tvc16.com\/portal\/wp-json\/wp\/v2\/media\/5065"}],"wp:attachment":[{"href":"https:\/\/tvc16.com\/portal\/wp-json\/wp\/v2\/media?parent=5064"}],"wp:term":[{"taxonomy":"category","embeddable":true,"href":"https:\/\/tvc16.com\/portal\/wp-json\/wp\/v2\/categories?post=5064"},{"taxonomy":"post_tag","embeddable":true,"href":"https:\/\/tvc16.com\/portal\/wp-json\/wp\/v2\/tags?post=5064"}],"curies":[{"name":"wp","href":"https:\/\/api.w.org\/{rel}","templated":true}]}}