{"id":5074,"date":"2020-11-06T17:39:45","date_gmt":"2020-11-06T17:39:45","guid":{"rendered":"https:\/\/tvc16.com\/portal\/?p=5074"},"modified":"2020-11-06T17:44:10","modified_gmt":"2020-11-06T17:44:10","slug":"campanha-mobilidade-sustentavel-nas-eleicoes-2020","status":"publish","type":"post","link":"https:\/\/tvc16.com\/portal\/2020\/11\/06\/campanha-mobilidade-sustentavel-nas-eleicoes-2020\/","title":{"rendered":"Campanha Mobilidade Sustent\u00e1vel nas Elei\u00e7\u00f5es 2020. Petr\u00f3polis est\u00e1 participando da campanha nacional"},"content":{"rendered":"\n<h1 class=\"wp-block-heading\"><a rel=\"noreferrer noopener\" target=\"_blank\" href=\"https:\/\/www.facebook.com\/hashtag\/mobilidadesustenta%CC%81velnaseleic%CC%A7o%CC%83es?__eep__=6&amp;__cft__[0]=AZWiwDziDP8da0z6mEzXcbP0zVYGHr6JWo1Y-wkiIb3Nk-9GPz2r-sVXC37PTrno2B2_ys-ZiloKnc_8Az9iSi5AzKR6WEwk1QiNvmgj4YaAqg1U5XCcRhFQOVxcKfrW0kbAft94wNmPM986XJW73ZN2&amp;__tn__=*NK-R\">#MobilidadeSustent\u00e1velnasElei\u00e7\u00f5es<\/a><\/h1>\n\n\n\n<p id=\"yiv6667750199gmail-viewer-7vk20\"><em>A campanha tem por objetivo colocar a mobilidade sustent\u00e1vel em pauta e tamb\u00e9m na agenda das candidaturas \u00e0 Prefeitura e \u00e0 C\u00e2mara Municipal, por meio de v\u00e1rias estrat\u00e9gias<\/em>.<\/p>\n\n\n\n<p id=\"yiv6667750199gmail-viewer-844r6\">A campanha <a rel=\"noreferrer noopener\" target=\"_blank\" href=\"https:\/\/mobilidadenaseleicoes.org.br\/a-campanha\/\"><u>Mobilidade Sustent\u00e1vel nas Elei\u00e7\u00f5es 2020<\/u><\/a>, coordenada pela Associa\u00e7\u00e3o pela Mobilidade \u00e0 P\u00e9 &#8211; Cidadeap\u00e9, pelo Instituto Brasileiro de Defesa do Consumidor &#8211; Idec, pelo projeto Como Anda e Uni\u00e3o de Ciclistas do Brasil &#8211; UCB vai ouvir os candidatos \u00e0s prefeituras de todo o pa\u00eds sobre assuntos que ser\u00e3o postos em debate neste pleito sobre o as pol\u00edticas de aumento da infraestrutura ciclovi\u00e1ria e de mobilidade a p\u00e9 das cidades, entre outros.<\/p>\n\n\n\n<p id=\"yiv6667750199gmail-viewer-4prji\">Em Petr\u00f3polis, a Associa\u00e7\u00e3o dos Ciclistas de Petr\u00f3polis &#8211; Acipe est\u00e1 presente nesta campanha junto com diversos grupos em v\u00e1rias cidades brasileiras. Como nossa primeira a\u00e7\u00e3o no munic\u00edpio, a associa\u00e7\u00e3o encaminhou perguntas elaboradas por especialistas e ciclistas para os candidatos \u00e0 Prefeitura responderem sobre temas como Acessibilidade, Ciclomobilidade e Transporte Coletivo.<\/p>\n\n\n\n<figure class=\"wp-block-image size-large\"><img loading=\"lazy\" decoding=\"async\" width=\"400\" height=\"236\" src=\"https:\/\/tvc16.com\/portal\/wp-content\/uploads\/2020\/11\/1-mobilidade-sustentavel.jpg\" alt=\"\" class=\"wp-image-5075\" srcset=\"https:\/\/tvc16.com\/portal\/wp-content\/uploads\/2020\/11\/1-mobilidade-sustentavel.jpg 400w, https:\/\/tvc16.com\/portal\/wp-content\/uploads\/2020\/11\/1-mobilidade-sustentavel-300x177.jpg 300w\" sizes=\"auto, (max-width: 400px) 100vw, 400px\" \/><\/figure>\n\n\n\n<p id=\"yiv6667750199gmail-viewer-41m02\">Confira abaixo os candidatos que j\u00e1 participaram e an\u00e1lise as respostas:<\/p>\n\n\n\n<p id=\"yiv6667750199gmail-viewer-29jbg\"><strong>Candidatos que j\u00e1 responderam <\/strong>(lista atualizada em 05\/11\/2020):<\/p>\n\n\n\n<p id=\"yiv6667750199gmail-viewer-1sctk\"><strong><em>(Clique no nome do candidato na lista abaixo para verificar as respostas)<\/em><\/strong><\/p>\n\n\n\n<p id=\"yiv6667750199gmail-viewer-4j1bo\"><a rel=\"noreferrer noopener\" target=\"_blank\" href=\"https:\/\/drive.google.com\/file\/d\/1gmRGKGKODBF3c1N26Al1-Gr_vcLAYmB5\/view?usp=sharing\"><strong><u>Alexandre Gurgel<\/u><\/strong><\/a><strong> (23 \/ CIDADANIA)<\/strong><\/p>\n\n\n\n<p id=\"yiv6667750199gmail-viewer-6ue5s\">Incentive seu candidato a participar! Atrav\u00e9s desta entrevista, voc\u00ea conhecer\u00e1 melhor as propostas dos candidatos sobre mobilidade urbana.<\/p>\n\n\n\n<p id=\"yiv6667750199gmail-viewer-bcu70\">Saiba mais sobre a campanha em: <a rel=\"noreferrer noopener\" target=\"_blank\" href=\"http:\/\/mobilidadenaseleicoes.org.br\/\">mobilidadenaseleicoes.org.br<\/a> <a rel=\"noreferrer noopener\" target=\"_blank\" href=\"https:\/\/www.facebook.com\/hashtag\/mobilidadesustenta%CC%81velnaseleic%CC%A7o%CC%83es2020?__eep__=6&amp;__cft__[0]=AZWiwDziDP8da0z6mEzXcbP0zVYGHr6JWo1Y-wkiIb3Nk-9GPz2r-sVXC37PTrno2B2_ys-ZiloKnc_8Az9iSi5AzKR6WEwk1QiNvmgj4YaAqg1U5XCcRhFQOVxcKfrW0kbAft94wNmPM986XJW73ZN2&amp;__tn__=*NK-R\">#MobilidadeSustent\u00e1velnasElei\u00e7\u00f5es2020<\/a> <a rel=\"noreferrer noopener\" target=\"_blank\" href=\"https:\/\/www.facebook.com\/hashtag\/eleic%CC%A7o%CC%83es2020?__eep__=6&amp;__cft__[0]=AZWiwDziDP8da0z6mEzXcbP0zVYGHr6JWo1Y-wkiIb3Nk-9GPz2r-sVXC37PTrno2B2_ys-ZiloKnc_8Az9iSi5AzKR6WEwk1QiNvmgj4YaAqg1U5XCcRhFQOVxcKfrW0kbAft94wNmPM986XJW73ZN2&amp;__tn__=*NK-R\">#elei\u00e7\u00f5es2020<\/a><br>Saiba mais em <a rel=\"noreferrer noopener\" target=\"_blank\" href=\"http:\/\/acipe.net\/\">acipe.net<\/a><\/p>\n","protected":false},"excerpt":{"rendered":"<p>#MobilidadeSustent\u00e1velnasElei\u00e7\u00f5es A campanha tem por objetivo colocar a mobilidade sustent\u00e1vel em pauta e tamb\u00e9m na<\/p>\n","protected":false},"author":2,"featured_media":5082,"comment_status":"open","ping_status":"open","sticky":false,"template":"","format":"standard","meta":{"footnotes":""},"categories":[12],"tags":[],"class_list":["post-5074","post","type-post","status-publish","format-standard","has-post-thumbnail","hentry","category-cidade"],"_links":{"self":[{"href":"https:\/\/tvc16.com\/portal\/wp-json\/wp\/v2\/posts\/5074","targetHints":{"allow":["GET"]}}],"collection":[{"href":"https:\/\/tvc16.com\/portal\/wp-json\/wp\/v2\/posts"}],"about":[{"href":"https:\/\/tvc16.com\/portal\/wp-json\/wp\/v2\/types\/post"}],"author":[{"embeddable":true,"href":"https:\/\/tvc16.com\/portal\/wp-json\/wp\/v2\/users\/2"}],"replies":[{"embeddable":true,"href":"https:\/\/tvc16.com\/portal\/wp-json\/wp\/v2\/comments?post=5074"}],"version-history":[{"count":2,"href":"https:\/\/tvc16.com\/portal\/wp-json\/wp\/v2\/posts\/5074\/revisions"}],"predecessor-version":[{"id":5083,"href":"https:\/\/tvc16.com\/portal\/wp-json\/wp\/v2\/posts\/5074\/revisions\/5083"}],"wp:featuredmedia":[{"embeddable":true,"href":"https:\/\/tvc16.com\/portal\/wp-json\/wp\/v2\/media\/5082"}],"wp:attachment":[{"href":"https:\/\/tvc16.com\/portal\/wp-json\/wp\/v2\/media?parent=5074"}],"wp:term":[{"taxonomy":"category","embeddable":true,"href":"https:\/\/tvc16.com\/portal\/wp-json\/wp\/v2\/categories?post=5074"},{"taxonomy":"post_tag","embeddable":true,"href":"https:\/\/tvc16.com\/portal\/wp-json\/wp\/v2\/tags?post=5074"}],"curies":[{"name":"wp","href":"https:\/\/api.w.org\/{rel}","templated":true}]}}