{"id":5078,"date":"2020-11-06T17:42:05","date_gmt":"2020-11-06T17:42:05","guid":{"rendered":"https:\/\/tvc16.com\/portal\/?p=5078"},"modified":"2020-11-06T17:42:05","modified_gmt":"2020-11-06T17:42:05","slug":"nova-iguacu-realiza-sexta-fase-da-entrega-de-beneficios-atraves-da-recarga-de-cartoes-alimentacao-para-alunos-da-rede-municipal","status":"publish","type":"post","link":"https:\/\/tvc16.com\/portal\/2020\/11\/06\/nova-iguacu-realiza-sexta-fase-da-entrega-de-beneficios-atraves-da-recarga-de-cartoes-alimentacao-para-alunos-da-rede-municipal\/","title":{"rendered":"Nova Igua\u00e7u realiza sexta fase da entrega de benef\u00edcios atrav\u00e9s da recarga de cart\u00f5es-alimenta\u00e7\u00e3o para alunos da rede municipal"},"content":{"rendered":"\n<p><strong><br><\/strong>\u00a0A Prefeitura de Nova Igua\u00e7u, por meio da Secretaria Municipal de Educa\u00e7\u00e3o (SEMED), realiza , nesta sexta-feira (6), a sexta fase da entrega de benef\u00edcios atrav\u00e9s da recarga de cart\u00f5es-alimenta\u00e7\u00e3o para cada um dos mais de 65 mil estudantes da rede municipal, com 141 unidades do munic\u00edpio entre escolas e creches. Mais uma vez, os cart\u00f5es-alimenta\u00e7\u00e3o distribu\u00eddos aos alunos ser\u00e3o recarregados assim como j\u00e1 ocorreu nos \u00faltimos meses. Sendo assim, os respons\u00e1veis n\u00e3o precisar\u00e3o ir at\u00e9 as escolas para buscar novos cart\u00f5es, como aconteceu em agosto. A recarga ser\u00e1 feita de forma autom\u00e1tica, no valor de R$ 110 por matriculado.<br>\u00a0<br>O benef\u00edcio s\u00f3 pode ser utilizado com despesas aliment\u00edcias na rede credenciada. Assim, as fam\u00edlias poder\u00e3o adquirir produtos da cesta b\u00e1sica que necessitam.<br>\u00a0<br>A distribui\u00e7\u00e3o est\u00e1 sendo feita para auxiliar as fam\u00edlias devido \u00e0 pandemia da Covid-19, j\u00e1 que os alunos est\u00e3o com as aulas suspensas desde o dia 16 de mar\u00e7o.<br>\u00a0<br>Em caso de qualquer eventual problema com os cart\u00f5es, os respons\u00e1veis devem entrar em contato diretamente com as escolas, que estar\u00e3o abertas nos dias 9 e 10 de novembro, de 8 \u00e0s 12h. Clique aqui para acessar os contatos das escolas.<\/p>\n","protected":false},"excerpt":{"rendered":"<p>\u00a0A Prefeitura de Nova Igua\u00e7u, por meio da Secretaria Municipal de Educa\u00e7\u00e3o (SEMED), realiza ,<\/p>\n","protected":false},"author":2,"featured_media":5079,"comment_status":"open","ping_status":"open","sticky":false,"template":"","format":"standard","meta":{"footnotes":""},"categories":[17],"tags":[],"class_list":["post-5078","post","type-post","status-publish","format-standard","has-post-thumbnail","hentry","category-outras-noticias"],"_links":{"self":[{"href":"https:\/\/tvc16.com\/portal\/wp-json\/wp\/v2\/posts\/5078","targetHints":{"allow":["GET"]}}],"collection":[{"href":"https:\/\/tvc16.com\/portal\/wp-json\/wp\/v2\/posts"}],"about":[{"href":"https:\/\/tvc16.com\/portal\/wp-json\/wp\/v2\/types\/post"}],"author":[{"embeddable":true,"href":"https:\/\/tvc16.com\/portal\/wp-json\/wp\/v2\/users\/2"}],"replies":[{"embeddable":true,"href":"https:\/\/tvc16.com\/portal\/wp-json\/wp\/v2\/comments?post=5078"}],"version-history":[{"count":1,"href":"https:\/\/tvc16.com\/portal\/wp-json\/wp\/v2\/posts\/5078\/revisions"}],"predecessor-version":[{"id":5080,"href":"https:\/\/tvc16.com\/portal\/wp-json\/wp\/v2\/posts\/5078\/revisions\/5080"}],"wp:featuredmedia":[{"embeddable":true,"href":"https:\/\/tvc16.com\/portal\/wp-json\/wp\/v2\/media\/5079"}],"wp:attachment":[{"href":"https:\/\/tvc16.com\/portal\/wp-json\/wp\/v2\/media?parent=5078"}],"wp:term":[{"taxonomy":"category","embeddable":true,"href":"https:\/\/tvc16.com\/portal\/wp-json\/wp\/v2\/categories?post=5078"},{"taxonomy":"post_tag","embeddable":true,"href":"https:\/\/tvc16.com\/portal\/wp-json\/wp\/v2\/tags?post=5078"}],"curies":[{"name":"wp","href":"https:\/\/api.w.org\/{rel}","templated":true}]}}