{"id":5085,"date":"2020-11-06T21:18:57","date_gmt":"2020-11-06T21:18:57","guid":{"rendered":"https:\/\/tvc16.com\/portal\/?p=5085"},"modified":"2020-11-06T21:18:57","modified_gmt":"2020-11-06T21:18:57","slug":"pedras-brancas-estacionamento-irregular-no-ponto-final-dificulta-a-operacao-dos-onibus","status":"publish","type":"post","link":"https:\/\/tvc16.com\/portal\/2020\/11\/06\/pedras-brancas-estacionamento-irregular-no-ponto-final-dificulta-a-operacao-dos-onibus\/","title":{"rendered":"Pedras Brancas: estacionamento irregular no ponto final dificulta a opera\u00e7\u00e3o dos \u00f4nibus"},"content":{"rendered":"\n<p>As linhas de \u00f4nibus da Cidade Real, que operam no bairro Pedras Brancas, est\u00e3o com dificuldades de atender a regi\u00e3o at\u00e9 o ponto final. Mesmo com a sinaliza\u00e7\u00e3o informando que \u00e9 proibido estacionar na \u00e1rea de manobra dos coletivos, motoristas continuam cometendo a infra\u00e7\u00e3o, prejudicando os moradores que dependem do servi\u00e7o de transporte p\u00fablico e causando atrasos e perdas de viagens nos \u00f4nibus.<\/p>\n\n\n\n<p>Na tarde desta sexta-feira (6), a linha 118 \u2013 Pedras Brancas precisou arrastar um dos retrovisores do \u00f4nibus em um poste, para tentar manobrar em meio aos ve\u00edculos. O mesmo aconteceu ontem (5), quando a linha 132 \u2013 Pedras Brancas apresentou dificuldades para tentar realizar a manobra.<\/p>\n\n\n\n<p>Depois desses epis\u00f3dios, os ve\u00edculos est\u00e3o sendo obrigados a voltar de marcha \u00e0 r\u00e9, em um trecho de aproximadamente 400 metros, para continuar tentando atender a popula\u00e7\u00e3o.<\/p>\n\n\n\n<p>\u201cO problema \u00e9 recorrente e contamos muito com a conscientiza\u00e7\u00e3o dos moradores da regi\u00e3o, para que a situa\u00e7\u00e3o seja resolvida e a opera\u00e7\u00e3o volte a ser eficiente na localidade. Os principais prejudicados pelo transtorno s\u00e3o os passageiros\u201d, enfatizou Marco Ant\u00f4nio, encarregado de tr\u00e1fego.<\/p>\n\n\n\n<p>De acordo com a Cidade Real, desde o in\u00edcio do ano j\u00e1 foram enviados oito of\u00edcios ao \u00f3rg\u00e3o fiscalizador, pedindo por medidas que venham garantir a opera\u00e7\u00e3o dos \u00f4nibus na localidade. Vale lembrar que o problema de estacionamento irregular \u00e9 comum em diversas regi\u00f5es da cidade e atinge diretamente quem utiliza o transporte p\u00fablico.<\/p>\n","protected":false},"excerpt":{"rendered":"<p>As linhas de \u00f4nibus da Cidade Real, que operam no bairro Pedras Brancas, est\u00e3o com<\/p>\n","protected":false},"author":2,"featured_media":5086,"comment_status":"open","ping_status":"open","sticky":false,"template":"","format":"standard","meta":{"footnotes":""},"categories":[12],"tags":[],"class_list":["post-5085","post","type-post","status-publish","format-standard","has-post-thumbnail","hentry","category-cidade"],"_links":{"self":[{"href":"https:\/\/tvc16.com\/portal\/wp-json\/wp\/v2\/posts\/5085","targetHints":{"allow":["GET"]}}],"collection":[{"href":"https:\/\/tvc16.com\/portal\/wp-json\/wp\/v2\/posts"}],"about":[{"href":"https:\/\/tvc16.com\/portal\/wp-json\/wp\/v2\/types\/post"}],"author":[{"embeddable":true,"href":"https:\/\/tvc16.com\/portal\/wp-json\/wp\/v2\/users\/2"}],"replies":[{"embeddable":true,"href":"https:\/\/tvc16.com\/portal\/wp-json\/wp\/v2\/comments?post=5085"}],"version-history":[{"count":1,"href":"https:\/\/tvc16.com\/portal\/wp-json\/wp\/v2\/posts\/5085\/revisions"}],"predecessor-version":[{"id":5087,"href":"https:\/\/tvc16.com\/portal\/wp-json\/wp\/v2\/posts\/5085\/revisions\/5087"}],"wp:featuredmedia":[{"embeddable":true,"href":"https:\/\/tvc16.com\/portal\/wp-json\/wp\/v2\/media\/5086"}],"wp:attachment":[{"href":"https:\/\/tvc16.com\/portal\/wp-json\/wp\/v2\/media?parent=5085"}],"wp:term":[{"taxonomy":"category","embeddable":true,"href":"https:\/\/tvc16.com\/portal\/wp-json\/wp\/v2\/categories?post=5085"},{"taxonomy":"post_tag","embeddable":true,"href":"https:\/\/tvc16.com\/portal\/wp-json\/wp\/v2\/tags?post=5085"}],"curies":[{"name":"wp","href":"https:\/\/api.w.org\/{rel}","templated":true}]}}